{"id":14285,"date":"2014-05-22T11:37:57","date_gmt":"2014-05-22T14:37:57","guid":{"rendered":"http:\/\/www.cordobatimes.com\/deportes\/?p=14285"},"modified":"2014-05-22T11:39:39","modified_gmt":"2014-05-22T14:39:39","slug":"gareca-es-el-nuevo-dt-de-palmeiras","status":"publish","type":"post","link":"https:\/\/www.cordobatimes.com\/deportes\/futbol\/2014\/05\/22\/gareca-es-el-nuevo-dt-de-palmeiras\/","title":{"rendered":"Gareca es el nuevo DT de Palmeiras"},"content":{"rendered":"<h3 style=\"text-align: justify;\"><strong><a href=\"http:\/\/www.cordobatimes.com\/deportes\/wp-content\/uploads\/2014\/05\/Gareca.jpg\"><img loading=\"lazy\" decoding=\"async\" class=\"size-full wp-image-14286 aligncenter\" alt=\"Gareca\" src=\"http:\/\/www.cordobatimes.com\/deportes\/wp-content\/uploads\/2014\/05\/Gareca.jpg\" width=\"464\" height=\"261\" data-id=\"14286\" srcset=\"https:\/\/www.cordobatimes.com\/deportes\/wp-content\/uploads\/2014\/05\/Gareca.jpg 464w, https:\/\/www.cordobatimes.com\/deportes\/wp-content\/uploads\/2014\/05\/Gareca-300x168.jpg 300w\" sizes=\"auto, (max-width: 464px) 100vw, 464px\" \/><\/a><\/strong><\/h3>\n<h3 style=\"text-align: justify;\"><strong>El Tigre firm\u00f3 hasta junio de 2015 y volver\u00e1 a trabajar luego del exitoso paso por V\u00e9lez Sarsfield. De esta forma, Racing, uno de los clubes que lo quer\u00eda, deber\u00e1 buscar otro entrenador.<\/strong><\/h3>\n<p>&nbsp;<\/p>\n<p style=\"text-align: justify;\">Cinco meses despu\u00e9s de finalizar su v\u00ednculo con la instituci\u00f3n de Liniers, Ricardo Gareca cumplir\u00e1 su objetivo de desempe\u00f1arse nuevamente fuera del pa\u00eds (ya estuvo en Colombia y Per\u00fa). Esta vez su destino ser\u00e1 Brasil, al mando del Verdao, uno de los equipos con m\u00e1s historia en el Brasileirao que logr\u00f3 estabilizarse nuevamente en la m\u00e1xima categor\u00eda tras el ascenso conseguido en 2012.<\/p>\n<p style=\"text-align: justify;\">Gareca desech\u00f3 la posibilidad de dirigir a Racing y firm\u00f3 un contrato por 1 a\u00f1o, que finalizar\u00e1 el 30 de junio de 2015. Llegar\u00e1 con su cuerpo t\u00e9cnico conformado por\u00a0Sergio Sant\u00edn (auxiliar) y N\u00e9stor Bonillo (preparador f\u00edsico).<\/p>\n<p><iframe loading=\"lazy\" src=\"\/\/www.youtube.com\/embed\/UifoPXVFBvI\" height=\"315\" width=\"560\" allowfullscreen=\"\" frameborder=\"0\"><\/iframe><\/p>\n","protected":false},"excerpt":{"rendered":"<p>El Tigre firm\u00f3 hasta junio de 2015 y volver\u00e1 a trabajar luego del exitoso paso por V\u00e9lez Sarsfield. De esta forma, Racing, uno de los clubes que lo quer\u00eda, deber\u00e1 buscar otro entrenador. &nbsp; Cinco meses despu\u00e9s de finalizar su v\u00ednculo con la instituci\u00f3n de Liniers, Ricardo Gareca cumplir\u00e1 su objetivo de desempe\u00f1arse nuevamente fuera [&hellip;]<\/p>\n","protected":false},"author":2,"featured_media":14286,"comment_status":"open","ping_status":"open","sticky":false,"template":"","format":"standard","meta":{"_seopress_robots_primary_cat":"","_seopress_titles_title":"","_seopress_titles_desc":"","_seopress_robots_index":"","footnotes":""},"categories":[2,18],"tags":[125,1040,327,2995,106,214],"class_list":["post-14285","post","type-post","status-publish","format-standard","has-post-thumbnail","hentry","category-futbol","category-futbol-internacional","tag-brasil","tag-dt","tag-gareca","tag-palmeiras","tag-racing","tag-velez"],"_links":{"self":[{"href":"https:\/\/www.cordobatimes.com\/deportes\/wp-json\/wp\/v2\/posts\/14285","targetHints":{"allow":["GET"]}}],"collection":[{"href":"https:\/\/www.cordobatimes.com\/deportes\/wp-json\/wp\/v2\/posts"}],"about":[{"href":"https:\/\/www.cordobatimes.com\/deportes\/wp-json\/wp\/v2\/types\/post"}],"author":[{"embeddable":true,"href":"https:\/\/www.cordobatimes.com\/deportes\/wp-json\/wp\/v2\/users\/2"}],"replies":[{"embeddable":true,"href":"https:\/\/www.cordobatimes.com\/deportes\/wp-json\/wp\/v2\/comments?post=14285"}],"version-history":[{"count":0,"href":"https:\/\/www.cordobatimes.com\/deportes\/wp-json\/wp\/v2\/posts\/14285\/revisions"}],"wp:featuredmedia":[{"embeddable":true,"href":"https:\/\/www.cordobatimes.com\/deportes\/wp-json\/wp\/v2\/media\/14286"}],"wp:attachment":[{"href":"https:\/\/www.cordobatimes.com\/deportes\/wp-json\/wp\/v2\/media?parent=14285"}],"wp:term":[{"taxonomy":"category","embeddable":true,"href":"https:\/\/www.cordobatimes.com\/deportes\/wp-json\/wp\/v2\/categories?post=14285"},{"taxonomy":"post_tag","embeddable":true,"href":"https:\/\/www.cordobatimes.com\/deportes\/wp-json\/wp\/v2\/tags?post=14285"}],"curies":[{"name":"wp","href":"https:\/\/api.w.org\/{rel}","templated":true}]}}