{"id":14282,"date":"2014-05-22T11:22:57","date_gmt":"2014-05-22T14:22:57","guid":{"rendered":"http:\/\/www.cordobatimes.com\/deportes\/?p=14282"},"modified":"2014-05-22T11:22:57","modified_gmt":"2014-05-22T14:22:57","slug":"luis-suarez-fue-operado-de-urgencia-y-corre-riesgo-su-participacion-en-el-mundial","status":"publish","type":"post","link":"https:\/\/www.cordobatimes.com\/deportes\/futbol\/2014\/05\/22\/luis-suarez-fue-operado-de-urgencia-y-corre-riesgo-su-participacion-en-el-mundial\/","title":{"rendered":"Luis Su\u00e1rez fue operado de urgencia y corre riesgo su participaci\u00f3n en el Mundial"},"content":{"rendered":"<h3 style=\"text-align: justify;\"><strong><a href=\"http:\/\/www.cordobatimes.com\/deportes\/wp-content\/uploads\/2014\/05\/Suarez.jpg\"><img loading=\"lazy\" decoding=\"async\" class=\"size-full wp-image-14283 aligncenter\" alt=\"Suarez\" src=\"http:\/\/www.cordobatimes.com\/deportes\/wp-content\/uploads\/2014\/05\/Suarez.jpg\" width=\"800\" height=\"600\" data-id=\"14283\" srcset=\"https:\/\/www.cordobatimes.com\/deportes\/wp-content\/uploads\/2014\/05\/Suarez.jpg 800w, https:\/\/www.cordobatimes.com\/deportes\/wp-content\/uploads\/2014\/05\/Suarez-300x225.jpg 300w\" sizes=\"auto, (max-width: 800px) 100vw, 800px\" \/><\/a><\/strong><\/h3>\n<h3 style=\"text-align: justify;\"><strong>El delantero uruguayo debi\u00f3 someterse a una cirug\u00eda no programada en su rodilla izquierda, debido a una lesi\u00f3n que lo ven\u00eda molestando hace tiempo pero que empeor\u00f3 en el entrenamiento del mi\u00e9rcoles.\u00a0<\/strong><\/h3>\n<p style=\"text-align: justify;\">\n<p style=\"text-align: justify;\">Luis Su\u00e1rez, jugador perteneciente al Liverpool ingl\u00e9s, tuvo un contratiempo en su preparaci\u00f3n para Brasil 2014. Ayer por la tarde, en una pr\u00e1ctica que llevaba adelante junto a un preparador f\u00edsico personal, se resinti\u00f3 de una molestia en el me\u00f1isco externo, debi\u00f3 internarse por la noche y fue intervenido quir\u00fargicamente, realiz\u00e1ndole una artroscop\u00eda. El m\u00e9dico a cargo de la operaci\u00f3n fue Luis Francescoli, hermano de Enzo.<\/p>\n<p style=\"text-align: justify;\">Ahora, Oscar Washington Tabarez, su cuerpo t\u00e9cnico y el pa\u00eds entero deber\u00e1n esperar por la recuperaci\u00f3n de una de las figuras, clave en su club y estandarte de las ilusiones uruguayas para la Copa que comenzar\u00e1 el 12 de junio.<\/p>\n","protected":false},"excerpt":{"rendered":"<p>El delantero uruguayo debi\u00f3 someterse a una cirug\u00eda no programada en su rodilla izquierda, debido a una lesi\u00f3n que lo ven\u00eda molestando hace tiempo pero que empeor\u00f3 en el entrenamiento del mi\u00e9rcoles.\u00a0 Luis Su\u00e1rez, jugador perteneciente al Liverpool ingl\u00e9s, tuvo un contratiempo en su preparaci\u00f3n para Brasil 2014. Ayer por la tarde, en una pr\u00e1ctica [&hellip;]<\/p>\n","protected":false},"author":2,"featured_media":14283,"comment_status":"open","ping_status":"open","sticky":false,"template":"","format":"standard","meta":{"_seopress_robots_primary_cat":"","_seopress_titles_title":"","_seopress_titles_desc":"","_seopress_robots_index":"","footnotes":""},"categories":[2,22],"tags":[476,2326,316],"class_list":["post-14282","post","type-post","status-publish","format-standard","has-post-thumbnail","hentry","category-futbol","category-mundial-brasil-2014","tag-brasil-2014","tag-luis-suarez","tag-uruguay"],"_links":{"self":[{"href":"https:\/\/www.cordobatimes.com\/deportes\/wp-json\/wp\/v2\/posts\/14282","targetHints":{"allow":["GET"]}}],"collection":[{"href":"https:\/\/www.cordobatimes.com\/deportes\/wp-json\/wp\/v2\/posts"}],"about":[{"href":"https:\/\/www.cordobatimes.com\/deportes\/wp-json\/wp\/v2\/types\/post"}],"author":[{"embeddable":true,"href":"https:\/\/www.cordobatimes.com\/deportes\/wp-json\/wp\/v2\/users\/2"}],"replies":[{"embeddable":true,"href":"https:\/\/www.cordobatimes.com\/deportes\/wp-json\/wp\/v2\/comments?post=14282"}],"version-history":[{"count":0,"href":"https:\/\/www.cordobatimes.com\/deportes\/wp-json\/wp\/v2\/posts\/14282\/revisions"}],"wp:featuredmedia":[{"embeddable":true,"href":"https:\/\/www.cordobatimes.com\/deportes\/wp-json\/wp\/v2\/media\/14283"}],"wp:attachment":[{"href":"https:\/\/www.cordobatimes.com\/deportes\/wp-json\/wp\/v2\/media?parent=14282"}],"wp:term":[{"taxonomy":"category","embeddable":true,"href":"https:\/\/www.cordobatimes.com\/deportes\/wp-json\/wp\/v2\/categories?post=14282"},{"taxonomy":"post_tag","embeddable":true,"href":"https:\/\/www.cordobatimes.com\/deportes\/wp-json\/wp\/v2\/tags?post=14282"}],"curies":[{"name":"wp","href":"https:\/\/api.w.org\/{rel}","templated":true}]}}