{"id":14267,"date":"2014-05-21T21:07:05","date_gmt":"2014-05-22T00:07:05","guid":{"rendered":"http:\/\/www.cordobatimes.com\/deportes\/?p=14267"},"modified":"2014-05-21T21:07:05","modified_gmt":"2014-05-22T00:07:05","slug":"river-presento-su-pelicula-del-campeonato","status":"publish","type":"post","link":"https:\/\/www.cordobatimes.com\/deportes\/futbol\/2014\/05\/21\/river-presento-su-pelicula-del-campeonato\/","title":{"rendered":"River present\u00f3 su &#8220;pel\u00edcula&#8221; del campeonato"},"content":{"rendered":"<h3><strong><a href=\"http:\/\/www.cordobatimes.com\/deportes\/wp-content\/uploads\/2014\/05\/River-Plate.jpg\"><img loading=\"lazy\" decoding=\"async\" class=\"size-full wp-image-14268 aligncenter\" alt=\"River Plate\" src=\"http:\/\/www.cordobatimes.com\/deportes\/wp-content\/uploads\/2014\/05\/River-Plate.jpg\" width=\"750\" height=\"485\" data-id=\"14268\" srcset=\"https:\/\/www.cordobatimes.com\/deportes\/wp-content\/uploads\/2014\/05\/River-Plate.jpg 750w, https:\/\/www.cordobatimes.com\/deportes\/wp-content\/uploads\/2014\/05\/River-Plate-300x194.jpg 300w\" sizes=\"auto, (max-width: 750px) 100vw, 750px\" \/><\/a><\/strong><\/h3>\n<h3 style=\"text-align: justify;\"><strong>El ganador del Torneo Final tuvo su fiesta de consagraci\u00f3n y estren\u00f3 el video alusivo a la conquista de su t\u00edtulo n\u00famero 35 en el f\u00fatbol local.\u00a0<\/strong><\/h3>\n<p style=\"text-align: justify;\">\n<p style=\"text-align: justify;\">La cara sonriente de Ram\u00f3n D\u00edaz abre el video del Millonario campe\u00f3n, que luego del mal momento institucional y futbol\u00edstico regres\u00f3 a los primeros planos.<\/p>\n<p style=\"text-align: justify;\">Cavenaghi, la hinchada, la fiesta y mucho m\u00e1s, englobadas en menos de tres minutos. Para los hinchas de River, se lo dejamos para disfrutar:<\/p>\n<p>\u00a0<iframe loading=\"lazy\" src=\"\/\/www.youtube.com\/embed\/h5yrbdg2A6s\" height=\"315\" width=\"560\" allowfullscreen=\"\" frameborder=\"0\"><\/iframe><\/p>\n","protected":false},"excerpt":{"rendered":"<p>El ganador del Torneo Final tuvo su fiesta de consagraci\u00f3n y estren\u00f3 el video alusivo a la conquista de su t\u00edtulo n\u00famero 35 en el f\u00fatbol local.\u00a0 La cara sonriente de Ram\u00f3n D\u00edaz abre el video del Millonario campe\u00f3n, que luego del mal momento institucional y futbol\u00edstico regres\u00f3 a los primeros planos. Cavenaghi, la hinchada, [&hellip;]<\/p>\n","protected":false},"author":2,"featured_media":14268,"comment_status":"open","ping_status":"open","sticky":false,"template":"","format":"standard","meta":{"_seopress_robots_primary_cat":"","_seopress_titles_title":"","_seopress_titles_desc":"","_seopress_robots_index":"","footnotes":""},"categories":[2,16],"tags":[2992,361,850],"class_list":["post-14267","post","type-post","status-publish","format-standard","has-post-thumbnail","hentry","category-futbol","category-primera-division","tag-la-pelicula-del-campeon","tag-ramon-diaz","tag-river-plate"],"_links":{"self":[{"href":"https:\/\/www.cordobatimes.com\/deportes\/wp-json\/wp\/v2\/posts\/14267","targetHints":{"allow":["GET"]}}],"collection":[{"href":"https:\/\/www.cordobatimes.com\/deportes\/wp-json\/wp\/v2\/posts"}],"about":[{"href":"https:\/\/www.cordobatimes.com\/deportes\/wp-json\/wp\/v2\/types\/post"}],"author":[{"embeddable":true,"href":"https:\/\/www.cordobatimes.com\/deportes\/wp-json\/wp\/v2\/users\/2"}],"replies":[{"embeddable":true,"href":"https:\/\/www.cordobatimes.com\/deportes\/wp-json\/wp\/v2\/comments?post=14267"}],"version-history":[{"count":0,"href":"https:\/\/www.cordobatimes.com\/deportes\/wp-json\/wp\/v2\/posts\/14267\/revisions"}],"wp:featuredmedia":[{"embeddable":true,"href":"https:\/\/www.cordobatimes.com\/deportes\/wp-json\/wp\/v2\/media\/14268"}],"wp:attachment":[{"href":"https:\/\/www.cordobatimes.com\/deportes\/wp-json\/wp\/v2\/media?parent=14267"}],"wp:term":[{"taxonomy":"category","embeddable":true,"href":"https:\/\/www.cordobatimes.com\/deportes\/wp-json\/wp\/v2\/categories?post=14267"},{"taxonomy":"post_tag","embeddable":true,"href":"https:\/\/www.cordobatimes.com\/deportes\/wp-json\/wp\/v2\/tags?post=14267"}],"curies":[{"name":"wp","href":"https:\/\/api.w.org\/{rel}","templated":true}]}}