{"id":14258,"date":"2014-05-21T17:28:06","date_gmt":"2014-05-21T20:28:06","guid":{"rendered":"http:\/\/www.cordobatimes.com\/deportes\/?p=14258"},"modified":"2014-05-21T17:57:22","modified_gmt":"2014-05-21T20:57:22","slug":"sabella-dio-de-baja-a-cuatro-jugadores","status":"publish","type":"post","link":"https:\/\/www.cordobatimes.com\/deportes\/futbol\/2014\/05\/21\/sabella-dio-de-baja-a-cuatro-jugadores\/","title":{"rendered":"Sabella dio de baja a cuatro jugadores"},"content":{"rendered":"<p style=\"text-align: center;\"><a href=\"http:\/\/www.cordobatimes.com\/deportes\/wp-content\/uploads\/2014\/05\/alejandro-sabella.jpg\"><img loading=\"lazy\" decoding=\"async\" class=\"size-full wp-image-14259 aligncenter\" alt=\"alejandro-sabella\" src=\"http:\/\/www.cordobatimes.com\/deportes\/wp-content\/uploads\/2014\/05\/alejandro-sabella.jpg\" width=\"600\" height=\"400\" data-id=\"14259\" srcset=\"https:\/\/www.cordobatimes.com\/deportes\/wp-content\/uploads\/2014\/05\/alejandro-sabella.jpg 600w, https:\/\/www.cordobatimes.com\/deportes\/wp-content\/uploads\/2014\/05\/alejandro-sabella-300x200.jpg 300w\" sizes=\"auto, (max-width: 600px) 100vw, 600px\" \/><\/a><\/p>\n<h3 style=\"text-align: justify;\">El director t\u00e9cnico de la selecci\u00f3n argentina desafect\u00f3 a Lisandro L\u00f3pez, Franco Di Santo, Fabi\u00e1n Rinaudo y Gabriel Mercado de la lista de treinta que entreg\u00f3 la semana pasada con miradas a la Copa del Mundo a disputarse en Brasil.<\/h3>\n<p style=\"text-align: justify;\">\n<p style=\"text-align: justify;\">As\u00ed, quienes quedaron como parte del plantel son: Sergio Romero, Mariano And\u00fajar, Agust\u00edn Orion, Ezequiel Garay, Federico Fern\u00e1ndez, Pablo Zabaleta, Marcos Rojo, Jos\u00e9 Mar\u00eda Basanta, Hugo Campagnaro, Nicol\u00e1s Otamendi, Mart\u00edn Demichelis, Fernando Gago, Lucas Biglia, Javier Mascherano, Ever Banega, \u00c1ngel Di Mar\u00eda, Maximiliano Rodr\u00edguez, Ricardo \u00c1lvarez, Augusto Fern\u00e1ndez, Enzo P\u00e9rez, Jos\u00e9 Sosa, Sergio Ag\u00fcero, Lionel Messi, Gonzalo Higua\u00edn, Ezequiel Lavezzi y Rodrigo Palacio.<\/p>\n","protected":false},"excerpt":{"rendered":"<p>El director t\u00e9cnico de la selecci\u00f3n argentina desafect\u00f3 a Lisandro L\u00f3pez, Franco Di Santo, Fabi\u00e1n Rinaudo y Gabriel Mercado de la lista de treinta que entreg\u00f3 la semana pasada con miradas a la Copa del Mundo a disputarse en Brasil. As\u00ed, quienes quedaron como parte del plantel son: Sergio Romero, Mariano And\u00fajar, Agust\u00edn Orion, Ezequiel [&hellip;]<\/p>\n","protected":false},"author":15,"featured_media":14259,"comment_status":"open","ping_status":"open","sticky":false,"template":"","format":"standard","meta":{"_seopress_robots_primary_cat":"","_seopress_titles_title":"","_seopress_titles_desc":"","_seopress_robots_index":"","footnotes":""},"categories":[2,22],"tags":[478,2849,29,542],"class_list":["post-14258","post","type-post","status-publish","format-standard","has-post-thumbnail","hentry","category-futbol","category-mundial-brasil-2014","tag-lista","tag-mundial-brasil","tag-sabella","tag-seleccion-argentina"],"_links":{"self":[{"href":"https:\/\/www.cordobatimes.com\/deportes\/wp-json\/wp\/v2\/posts\/14258","targetHints":{"allow":["GET"]}}],"collection":[{"href":"https:\/\/www.cordobatimes.com\/deportes\/wp-json\/wp\/v2\/posts"}],"about":[{"href":"https:\/\/www.cordobatimes.com\/deportes\/wp-json\/wp\/v2\/types\/post"}],"author":[{"embeddable":true,"href":"https:\/\/www.cordobatimes.com\/deportes\/wp-json\/wp\/v2\/users\/15"}],"replies":[{"embeddable":true,"href":"https:\/\/www.cordobatimes.com\/deportes\/wp-json\/wp\/v2\/comments?post=14258"}],"version-history":[{"count":0,"href":"https:\/\/www.cordobatimes.com\/deportes\/wp-json\/wp\/v2\/posts\/14258\/revisions"}],"wp:featuredmedia":[{"embeddable":true,"href":"https:\/\/www.cordobatimes.com\/deportes\/wp-json\/wp\/v2\/media\/14259"}],"wp:attachment":[{"href":"https:\/\/www.cordobatimes.com\/deportes\/wp-json\/wp\/v2\/media?parent=14258"}],"wp:term":[{"taxonomy":"category","embeddable":true,"href":"https:\/\/www.cordobatimes.com\/deportes\/wp-json\/wp\/v2\/categories?post=14258"},{"taxonomy":"post_tag","embeddable":true,"href":"https:\/\/www.cordobatimes.com\/deportes\/wp-json\/wp\/v2\/tags?post=14258"}],"curies":[{"name":"wp","href":"https:\/\/api.w.org\/{rel}","templated":true}]}}