{"id":14250,"date":"2014-05-21T12:40:49","date_gmt":"2014-05-21T15:40:49","guid":{"rendered":"http:\/\/www.cordobatimes.com\/deportes\/?p=14250"},"modified":"2014-05-21T21:25:25","modified_gmt":"2014-05-22T00:25:25","slug":"tenis-monaco-avanza-en-dusseldorf","status":"publish","type":"post","link":"https:\/\/www.cordobatimes.com\/deportes\/tenis\/2014\/05\/21\/tenis-monaco-avanza-en-dusseldorf\/","title":{"rendered":"M\u00f3naco avanza en Dusseldorf"},"content":{"rendered":"<p style=\"text-align: center;\"><a href=\"http:\/\/www.cordobatimes.com\/deportes\/wp-content\/uploads\/2014\/05\/Monaco.jpg\"><img loading=\"lazy\" decoding=\"async\" class=\"size-full wp-image-14251 aligncenter\" alt=\"Monaco\" src=\"http:\/\/www.cordobatimes.com\/deportes\/wp-content\/uploads\/2014\/05\/Monaco.jpg\" width=\"640\" height=\"480\" data-id=\"14251\" srcset=\"https:\/\/www.cordobatimes.com\/deportes\/wp-content\/uploads\/2014\/05\/Monaco.jpg 640w, https:\/\/www.cordobatimes.com\/deportes\/wp-content\/uploads\/2014\/05\/Monaco-300x225.jpg 300w\" sizes=\"auto, (max-width: 640px) 100vw, 640px\" \/><\/a><\/p>\n<h3 style=\"text-align: justify;\"><b>Pico, que defiende el t\u00edtulo, se impuso por 6-1 y 6-2 al espa\u00f1ol Marcel Granollers y avanz\u00f3 a los cuartos de final. Ahora se enfrentar\u00e1 el croata Karlovic.<\/b><\/h3>\n<h3 style=\"text-align: justify;\"><\/h3>\n<p style=\"text-align: justify;\">Juan M\u00f3naco, quien defiende su t\u00edtulo en el ATP 250 de Dusseldorf (Alemania), avanz\u00f3 hoy sin mayores inconvenientes a los cuartos de final, luego de vencer al espa\u00f1ol Granolers por 6-1 y 6-2. El choque dur\u00f3 1 hora y 13 minutos.<\/p>\n<p style=\"text-align: justify;\">El tenista oriundo de Tandil, que actualmente se ubica en el puesto 54 del ranking ATP, mostr\u00f3 un tenis s\u00f3lido y pudo derrotar con comodidad a un tenista que posee mayor ranking (31), y que ingreso como segundo cabeza de serie a la segunda ronda.<\/p>\n<p style=\"text-align: justify;\">El pr\u00f3ximo rival de \u201cPico\u201d ser\u00e1 el gigante croata Ivo Karlovic, quien hoy venci\u00f3 al serbio Nikola Milojevic por 6-4 y 7-5. M\u00f3naco ya conquist\u00f3 dicho torneo el a\u00f1o pasado cuando venci\u00f3 en la final al finland\u00e9s Jarkko Nieminem por 6-4 y 6-3. El mismo reparte 485.760 euros en premios.<\/p>\n<p style=\"text-align: justify;\"><b>ATP 250 Niza<\/b>:<\/p>\n<p style=\"text-align: justify;\">En el certamen franc\u00e9s tres son los argentinos que siguen en carrera: Carlos Berlocq se impuso al franc\u00e9s Nicol\u00e1s Mahut por 6-2 y 6-3 y jugara la siguiente instancia con el ganador del cruce entre Gielles Simon y el austriaco Thiem. Federico Delbonis hizo lo propio ante el tambi\u00e9n franc\u00e9s Paul Henri Mathieu por 6-2 y 6-4, y ahora se enfrentara al estadounidense Jhon Isner. Finalmente, el correntino Leo Mayer le gan\u00f3 por 6-4, 3-6 y 7-5 al local Edouard Roger Vasselin, y en la pr\u00f3xima ronda chocar\u00e1 con el espa\u00f1ol Monta\u00f1es.<\/p>\n","protected":false},"excerpt":{"rendered":"<p>Pico, que defiende el t\u00edtulo, se impuso por 6-1 y 6-2 al espa\u00f1ol Marcel Granollers y avanz\u00f3 a los cuartos de final. Ahora se enfrentar\u00e1 el croata Karlovic. Juan M\u00f3naco, quien defiende su t\u00edtulo en el ATP 250 de Dusseldorf (Alemania), avanz\u00f3 hoy sin mayores inconvenientes a los cuartos de final, luego de vencer al [&hellip;]<\/p>\n","protected":false},"author":15,"featured_media":14251,"comment_status":"open","ping_status":"open","sticky":false,"template":"","format":"standard","meta":{"_seopress_robots_primary_cat":"","_seopress_titles_title":"","_seopress_titles_desc":"","_seopress_robots_index":"","footnotes":""},"categories":[4],"tags":[2990,202,1410,5559,2991],"class_list":["post-14250","post","type-post","status-publish","format-standard","has-post-thumbnail","hentry","category-tenis","tag-argentino","tag-atp","tag-monaco","tag-tenis","tag-titulo"],"_links":{"self":[{"href":"https:\/\/www.cordobatimes.com\/deportes\/wp-json\/wp\/v2\/posts\/14250","targetHints":{"allow":["GET"]}}],"collection":[{"href":"https:\/\/www.cordobatimes.com\/deportes\/wp-json\/wp\/v2\/posts"}],"about":[{"href":"https:\/\/www.cordobatimes.com\/deportes\/wp-json\/wp\/v2\/types\/post"}],"author":[{"embeddable":true,"href":"https:\/\/www.cordobatimes.com\/deportes\/wp-json\/wp\/v2\/users\/15"}],"replies":[{"embeddable":true,"href":"https:\/\/www.cordobatimes.com\/deportes\/wp-json\/wp\/v2\/comments?post=14250"}],"version-history":[{"count":0,"href":"https:\/\/www.cordobatimes.com\/deportes\/wp-json\/wp\/v2\/posts\/14250\/revisions"}],"wp:featuredmedia":[{"embeddable":true,"href":"https:\/\/www.cordobatimes.com\/deportes\/wp-json\/wp\/v2\/media\/14251"}],"wp:attachment":[{"href":"https:\/\/www.cordobatimes.com\/deportes\/wp-json\/wp\/v2\/media?parent=14250"}],"wp:term":[{"taxonomy":"category","embeddable":true,"href":"https:\/\/www.cordobatimes.com\/deportes\/wp-json\/wp\/v2\/categories?post=14250"},{"taxonomy":"post_tag","embeddable":true,"href":"https:\/\/www.cordobatimes.com\/deportes\/wp-json\/wp\/v2\/tags?post=14250"}],"curies":[{"name":"wp","href":"https:\/\/api.w.org\/{rel}","templated":true}]}}