{"id":14247,"date":"2014-05-21T12:21:41","date_gmt":"2014-05-21T15:21:41","guid":{"rendered":"http:\/\/www.cordobatimes.com\/deportes\/?p=14247"},"modified":"2014-05-21T12:21:41","modified_gmt":"2014-05-21T15:21:41","slug":"talleres-ghiso-continuaria-en-el-cargo","status":"publish","type":"post","link":"https:\/\/www.cordobatimes.com\/deportes\/futbol\/2014\/05\/21\/talleres-ghiso-continuaria-en-el-cargo\/","title":{"rendered":"Talleres: Ghiso continuar\u00eda en el cargo"},"content":{"rendered":"<p style=\"text-align: center;\"><a href=\"http:\/\/www.cordobatimes.com\/deportes\/wp-content\/uploads\/2014\/05\/vitrolagh.jpg\"><img loading=\"lazy\" decoding=\"async\" class=\"size-full wp-image-14248 aligncenter\" alt=\"vitrolagh\" src=\"http:\/\/www.cordobatimes.com\/deportes\/wp-content\/uploads\/2014\/05\/vitrolagh.jpg\" width=\"700\" height=\"440\" data-id=\"14248\" srcset=\"https:\/\/www.cordobatimes.com\/deportes\/wp-content\/uploads\/2014\/05\/vitrolagh.jpg 700w, https:\/\/www.cordobatimes.com\/deportes\/wp-content\/uploads\/2014\/05\/vitrolagh-300x188.jpg 300w\" sizes=\"auto, (max-width: 700px) 100vw, 700px\" \/><\/a><\/p>\n<h3 style=\"text-align: justify;\"><b>Jorge Ghiso tiene el consenso del Fondo para continuar en su cargo aunque el equipo pierda la categor\u00eda. Tambi\u00e9n desean retener a Klusener.<\/b><\/h3>\n<p style=\"text-align: justify;\">\n<p style=\"text-align: justify;\">A pesar del p\u00e9simo momento que vive Talleres, desde el Fondo de Inversi\u00f3n quieren comenzar a delinear el equipo y cuerpo t\u00e9cnico que probablemente jugar\u00eda en el Argentino A. \u201cGhiso tiene muchas posibilidades de seguir. Habr\u00e1 una reuni\u00f3n entre todos los integrantes del fondo de Inversi\u00f3n\u201d, fueron las palabras del inversionista Ernesto Salum.<\/p>\n<p style=\"text-align: justify;\">Recordemos que el DT, cuando lleg\u00f3 a la \u201cT\u201d, ya hab\u00eda manifestados u intenci\u00f3n de dirigir al Matador en el Torneo Argentino A en caso de no poder salvarlo. Ahora quedara para el Fondo definir con que plantel \u201cVitrola\u201d enfrentara tal reto.<\/p>\n<p style=\"text-align: justify;\">La prioridad es retener al goleador Gonzalo Klusener, que termina contrato el 30 de junio y tiene ofertas desde el f\u00fatbol colombiano, m\u00e1s precisamente de Deportivo Cali y Atl\u00e9tico Huila.\u00a0 Tambi\u00e9n es clave mantener al menos por 1 a\u00f1o m\u00e1s al juvenil Cristian Pav\u00f3n, para luego poder concretar una venta millonaria.<\/p>\n<p style=\"text-align: justify;\">Finalmente respecto a los jugadores que llegar\u00e1n, todav\u00eda el Fondo no sabe si se buscaran futbolistas del Nacional B o del Argentino A. \u201cLo que fundamentalmente importa es que sientan la camiseta\u201d, a\u00f1adi\u00f3 Salum.<\/p>\n","protected":false},"excerpt":{"rendered":"<p>Jorge Ghiso tiene el consenso del Fondo para continuar en su cargo aunque el equipo pierda la categor\u00eda. Tambi\u00e9n desean retener a Klusener. A pesar del p\u00e9simo momento que vive Talleres, desde el Fondo de Inversi\u00f3n quieren comenzar a delinear el equipo y cuerpo t\u00e9cnico que probablemente jugar\u00eda en el Argentino A. \u201cGhiso tiene muchas [&hellip;]<\/p>\n","protected":false},"author":15,"featured_media":14248,"comment_status":"open","ping_status":"open","sticky":false,"template":"","format":"standard","meta":{"_seopress_robots_primary_cat":"","_seopress_titles_title":"","_seopress_titles_desc":"","_seopress_robots_index":"","footnotes":""},"categories":[2,17],"tags":[2819,34,350,552,40,2989],"class_list":["post-14247","post","type-post","status-publish","format-standard","has-post-thumbnail","hentry","category-futbol","category-nacional-b","tag-argentino-a","tag-b-nacional","tag-descenso","tag-klusener","tag-talleres","tag-vitrola-ghiso"],"_links":{"self":[{"href":"https:\/\/www.cordobatimes.com\/deportes\/wp-json\/wp\/v2\/posts\/14247","targetHints":{"allow":["GET"]}}],"collection":[{"href":"https:\/\/www.cordobatimes.com\/deportes\/wp-json\/wp\/v2\/posts"}],"about":[{"href":"https:\/\/www.cordobatimes.com\/deportes\/wp-json\/wp\/v2\/types\/post"}],"author":[{"embeddable":true,"href":"https:\/\/www.cordobatimes.com\/deportes\/wp-json\/wp\/v2\/users\/15"}],"replies":[{"embeddable":true,"href":"https:\/\/www.cordobatimes.com\/deportes\/wp-json\/wp\/v2\/comments?post=14247"}],"version-history":[{"count":0,"href":"https:\/\/www.cordobatimes.com\/deportes\/wp-json\/wp\/v2\/posts\/14247\/revisions"}],"wp:featuredmedia":[{"embeddable":true,"href":"https:\/\/www.cordobatimes.com\/deportes\/wp-json\/wp\/v2\/media\/14248"}],"wp:attachment":[{"href":"https:\/\/www.cordobatimes.com\/deportes\/wp-json\/wp\/v2\/media?parent=14247"}],"wp:term":[{"taxonomy":"category","embeddable":true,"href":"https:\/\/www.cordobatimes.com\/deportes\/wp-json\/wp\/v2\/categories?post=14247"},{"taxonomy":"post_tag","embeddable":true,"href":"https:\/\/www.cordobatimes.com\/deportes\/wp-json\/wp\/v2\/tags?post=14247"}],"curies":[{"name":"wp","href":"https:\/\/api.w.org\/{rel}","templated":true}]}}