{"id":14234,"date":"2014-05-21T08:57:34","date_gmt":"2014-05-21T11:57:34","guid":{"rendered":"http:\/\/www.cordobatimes.com\/deportes\/?p=14234"},"modified":"2014-05-21T17:58:02","modified_gmt":"2014-05-21T20:58:02","slug":"toure-quiere-irse-de-manchester-city-porque-se-olvidaron-de-su-cumpleanos","status":"publish","type":"post","link":"https:\/\/www.cordobatimes.com\/deportes\/futbol\/2014\/05\/21\/toure-quiere-irse-de-manchester-city-porque-se-olvidaron-de-su-cumpleanos\/","title":{"rendered":"Yaya Tour\u00e9 quiere irse de Manchester City porque &#8220;se olvidaron de su cumplea\u00f1os&#8221;"},"content":{"rendered":"<figure id=\"attachment_14235\" aria-describedby=\"caption-attachment-14235\" style=\"width: 598px\" class=\"wp-caption aligncenter\"><a href=\"http:\/\/www.cordobatimes.com\/deportes\/wp-content\/uploads\/2014\/05\/Tour\u00e9.jpg\"><img loading=\"lazy\" decoding=\"async\" class=\"size-full wp-image-14235 \" alt=\"Una de las im\u00e1genes que circula por las redes sociales ri\u00e9ndose de la situaci\u00f3n\" src=\"http:\/\/www.cordobatimes.com\/deportes\/wp-content\/uploads\/2014\/05\/Tour\u00e9.jpg\" width=\"598\" height=\"309\" data-id=\"14235\" srcset=\"https:\/\/www.cordobatimes.com\/deportes\/wp-content\/uploads\/2014\/05\/Tour\u00e9.jpg 598w, https:\/\/www.cordobatimes.com\/deportes\/wp-content\/uploads\/2014\/05\/Tour\u00e9-300x155.jpg 300w\" sizes=\"auto, (max-width: 598px) 100vw, 598px\" \/><\/a><figcaption id=\"caption-attachment-14235\" class=\"wp-caption-text\">Una de las im\u00e1genes que circula por las redes sociales ri\u00e9ndose de la situaci\u00f3n<\/figcaption><\/figure>\n<h3 style=\"text-align: justify;\"><strong>El marfile\u00f1o, figura del equipo dirigido por Manuel Pellegrini, se sinti\u00f3 &#8220;d\u00f3lido y molesto&#8221; por la actitud de algunos dirigentes del club, que no lo felicitaron personalmente el d\u00eda de su natalicio. Desde la entidad afirman que &#8220;le dieron una torta&#8221;.<\/strong><\/h3>\n<p>&nbsp;<\/p>\n<p style=\"text-align: justify;\">La situaci\u00f3n es sorprendente, o al menos curiosa, sobre todo teniendo en cuenta que hablamos de una jugador de primer nivel del f\u00fatbol internacional. Seg\u00fan el representante del mediocampista, el pasado martes 13, cuando se conmemoraba el aniversario de Tour\u00e9, los altos directivos no lo saludaron, lo que gener\u00f3 el malestar del jugador, que habr\u00eda tomado la determiniaci\u00f3n de irse.<\/p>\n<p style=\"text-align: justify;\">En su p\u00e1gina oficial, Manchester City se defendi\u00f3: &#8220;Hmm&#8230; \u00bfolvidarnos del cumplea\u00f1os de Yaya? Hab\u00eda una torta en el avi\u00f3n, los jugadores le cantaron y m\u00e1s de 130 mil seguidores del City le desearon un feliz cumplea\u00f1os en nuestra p\u00e1gina oficial de Facebook. Parece que nadie se olvid\u00f3&#8221;, fue la respuesta a la pol\u00e9mica.<\/p>\n<p style=\"text-align: justify;\">Al parecer, el ex Barcelona tendr\u00eda decidido marcharse en el pr\u00f3ximo mercado de pases, por lo cual estar\u00eda buscando alguna raz\u00f3n extra-futbol\u00edstica para conseguir su objetivo.\u00a0&#8220;Hay muchas posibilidades de que Yaya se vaya este verano. Est\u00e1 muy molesto. No se pueden comprar amistades con dinero. Y si no pueden darle la mano, hasta luego, no hay problema. Lo que pas\u00f3 en su cumplea\u00f1os demuestra que al club no le importa. Fue la prueba&#8221;, cerr\u00f3 de forma contundente su agente.<\/p>\n","protected":false},"excerpt":{"rendered":"<p>El marfile\u00f1o, figura del equipo dirigido por Manuel Pellegrini, se sinti\u00f3 &#8220;d\u00f3lido y molesto&#8221; por la actitud de algunos dirigentes del club, que no lo felicitaron personalmente el d\u00eda de su natalicio. Desde la entidad afirman que &#8220;le dieron una torta&#8221;. &nbsp; La situaci\u00f3n es sorprendente, o al menos curiosa, sobre todo teniendo en cuenta [&hellip;]<\/p>\n","protected":false},"author":2,"featured_media":14235,"comment_status":"open","ping_status":"open","sticky":false,"template":"","format":"standard","meta":{"_seopress_robots_primary_cat":"","_seopress_titles_title":"","_seopress_titles_desc":"","_seopress_robots_index":"","footnotes":""},"categories":[2,18],"tags":[498,153,2984],"class_list":["post-14234","post","type-post","status-publish","format-standard","has-post-thumbnail","hentry","category-futbol","category-futbol-internacional","tag-futbol-internacional-2","tag-manchester-city","tag-yya-toure"],"_links":{"self":[{"href":"https:\/\/www.cordobatimes.com\/deportes\/wp-json\/wp\/v2\/posts\/14234","targetHints":{"allow":["GET"]}}],"collection":[{"href":"https:\/\/www.cordobatimes.com\/deportes\/wp-json\/wp\/v2\/posts"}],"about":[{"href":"https:\/\/www.cordobatimes.com\/deportes\/wp-json\/wp\/v2\/types\/post"}],"author":[{"embeddable":true,"href":"https:\/\/www.cordobatimes.com\/deportes\/wp-json\/wp\/v2\/users\/2"}],"replies":[{"embeddable":true,"href":"https:\/\/www.cordobatimes.com\/deportes\/wp-json\/wp\/v2\/comments?post=14234"}],"version-history":[{"count":0,"href":"https:\/\/www.cordobatimes.com\/deportes\/wp-json\/wp\/v2\/posts\/14234\/revisions"}],"wp:featuredmedia":[{"embeddable":true,"href":"https:\/\/www.cordobatimes.com\/deportes\/wp-json\/wp\/v2\/media\/14235"}],"wp:attachment":[{"href":"https:\/\/www.cordobatimes.com\/deportes\/wp-json\/wp\/v2\/media?parent=14234"}],"wp:term":[{"taxonomy":"category","embeddable":true,"href":"https:\/\/www.cordobatimes.com\/deportes\/wp-json\/wp\/v2\/categories?post=14234"},{"taxonomy":"post_tag","embeddable":true,"href":"https:\/\/www.cordobatimes.com\/deportes\/wp-json\/wp\/v2\/tags?post=14234"}],"curies":[{"name":"wp","href":"https:\/\/api.w.org\/{rel}","templated":true}]}}