{"id":14207,"date":"2014-05-20T08:00:35","date_gmt":"2014-05-20T11:00:35","guid":{"rendered":"http:\/\/www.cordobatimes.com\/deportes\/?p=14207"},"modified":"2014-05-20T12:31:31","modified_gmt":"2014-05-20T15:31:31","slug":"luis-enrique-es-el-nuevo-entrenador-del-barcelona","status":"publish","type":"post","link":"https:\/\/www.cordobatimes.com\/deportes\/futbol\/2014\/05\/20\/luis-enrique-es-el-nuevo-entrenador-del-barcelona\/","title":{"rendered":"Luis Enrique es el nuevo entrenador del Barcelona"},"content":{"rendered":"<h3 style=\"text-align: justify;\"><strong><a href=\"http:\/\/www.cordobatimes.com\/deportes\/wp-content\/uploads\/2014\/05\/Luis-Enrique.jpg\"><img loading=\"lazy\" decoding=\"async\" class=\"size-full wp-image-14208 aligncenter\" alt=\"\" src=\"http:\/\/www.cordobatimes.com\/deportes\/wp-content\/uploads\/2014\/05\/Luis-Enrique.jpg\" width=\"738\" height=\"462\" data-id=\"14208\" srcset=\"https:\/\/www.cordobatimes.com\/deportes\/wp-content\/uploads\/2014\/05\/Luis-Enrique.jpg 738w, https:\/\/www.cordobatimes.com\/deportes\/wp-content\/uploads\/2014\/05\/Luis-Enrique-300x187.jpg 300w\" sizes=\"auto, (max-width: 738px) 100vw, 738px\" \/><\/a><\/strong><\/h3>\n<h3 style=\"text-align: justify;\"><strong>El ex Celta, que visti\u00f3 la camiseta blaugrana como jugador, reemplazar\u00e1 a Tata Martino. Firm\u00f3 un contrato por dos temporadas.<\/strong><\/h3>\n<p style=\"text-align: justify;\">\n<p style=\"text-align: justify;\">Luego de perder la liga a manos del Atl\u00e9tico Madrid, comenz\u00f3 la reestruturaci\u00f3n en el conjunto cul\u00e9. La primera decisi\u00f3n, minutos despu\u00e9s del 1-1 que dej\u00f3 segundo a los de Messi y compa\u00f1\u00eda, fue de Gerardo Martino, que anunci\u00f3 su salida &#8220;de com\u00fan acuerdo&#8221; con los dirigentes. Horas m\u00e1s tarde, el club comunic\u00f3 a los medios que Luis Enrique se convert\u00eda en el nuevo DT.<\/p>\n<p style=\"text-align: justify;\">En cuanto a la conformaci\u00f3n del plantel, el arquero Manuel Pinto no fue renovado y deber\u00e1 buscarse otro destino. Esta baja, sumada a la de otro guardameta, V\u00edctor Valdes, llev\u00f3 a la contrataci\u00f3n de Marc-Andr\u00e9 Ter Stegen, proveniente del Borussia Monchengladbach de Alemania.<\/p>\n","protected":false},"excerpt":{"rendered":"<p>El ex Celta, que visti\u00f3 la camiseta blaugrana como jugador, reemplazar\u00e1 a Tata Martino. Firm\u00f3 un contrato por dos temporadas. Luego de perder la liga a manos del Atl\u00e9tico Madrid, comenz\u00f3 la reestruturaci\u00f3n en el conjunto cul\u00e9. La primera decisi\u00f3n, minutos despu\u00e9s del 1-1 que dej\u00f3 segundo a los de Messi y compa\u00f1\u00eda, fue de [&hellip;]<\/p>\n","protected":false},"author":2,"featured_media":14208,"comment_status":"open","ping_status":"open","sticky":false,"template":"","format":"standard","meta":{"_seopress_robots_primary_cat":"","_seopress_titles_title":"","_seopress_titles_desc":"","_seopress_robots_index":"","footnotes":""},"categories":[2,18],"tags":[67,1040,2975,410,2977,2976],"class_list":["post-14207","post","type-post","status-publish","format-standard","has-post-thumbnail","hentry","category-futbol","category-futbol-internacional","tag-barcelona","tag-dt","tag-luis-enrique","tag-martino","tag-pinto","tag-victor-valdez"],"_links":{"self":[{"href":"https:\/\/www.cordobatimes.com\/deportes\/wp-json\/wp\/v2\/posts\/14207","targetHints":{"allow":["GET"]}}],"collection":[{"href":"https:\/\/www.cordobatimes.com\/deportes\/wp-json\/wp\/v2\/posts"}],"about":[{"href":"https:\/\/www.cordobatimes.com\/deportes\/wp-json\/wp\/v2\/types\/post"}],"author":[{"embeddable":true,"href":"https:\/\/www.cordobatimes.com\/deportes\/wp-json\/wp\/v2\/users\/2"}],"replies":[{"embeddable":true,"href":"https:\/\/www.cordobatimes.com\/deportes\/wp-json\/wp\/v2\/comments?post=14207"}],"version-history":[{"count":0,"href":"https:\/\/www.cordobatimes.com\/deportes\/wp-json\/wp\/v2\/posts\/14207\/revisions"}],"wp:featuredmedia":[{"embeddable":true,"href":"https:\/\/www.cordobatimes.com\/deportes\/wp-json\/wp\/v2\/media\/14208"}],"wp:attachment":[{"href":"https:\/\/www.cordobatimes.com\/deportes\/wp-json\/wp\/v2\/media?parent=14207"}],"wp:term":[{"taxonomy":"category","embeddable":true,"href":"https:\/\/www.cordobatimes.com\/deportes\/wp-json\/wp\/v2\/categories?post=14207"},{"taxonomy":"post_tag","embeddable":true,"href":"https:\/\/www.cordobatimes.com\/deportes\/wp-json\/wp\/v2\/tags?post=14207"}],"curies":[{"name":"wp","href":"https:\/\/api.w.org\/{rel}","templated":true}]}}