{"id":14191,"date":"2014-05-20T11:47:01","date_gmt":"2014-05-20T14:47:01","guid":{"rendered":"http:\/\/www.cordobatimes.com\/deportes\/?p=14191"},"modified":"2014-05-20T11:47:01","modified_gmt":"2014-05-20T14:47:01","slug":"belgrano-varios-jugadores-se-van-del-club","status":"publish","type":"post","link":"https:\/\/www.cordobatimes.com\/deportes\/futbol\/2014\/05\/20\/belgrano-varios-jugadores-se-van-del-club\/","title":{"rendered":"Belgrano: varios jugadores se van del club"},"content":{"rendered":"<p style=\"text-align: center;\"><a href=\"http:\/\/www.cordobatimes.com\/deportes\/wp-content\/uploads\/2014\/05\/Bueno.jpg\"><img loading=\"lazy\" decoding=\"async\" class=\"size-full wp-image-14194 aligncenter\" alt=\"Bueno\" src=\"http:\/\/www.cordobatimes.com\/deportes\/wp-content\/uploads\/2014\/05\/Bueno.jpg\" width=\"590\" height=\"441\" data-id=\"14194\" srcset=\"https:\/\/www.cordobatimes.com\/deportes\/wp-content\/uploads\/2014\/05\/Bueno.jpg 590w, https:\/\/www.cordobatimes.com\/deportes\/wp-content\/uploads\/2014\/05\/Bueno-300x224.jpg 300w\" sizes=\"auto, (max-width: 590px) 100vw, 590px\" \/><\/a><\/p>\n<h3 style=\"text-align: justify;\"><b>Luego de un flojo semestre, ya se sabe que hay varios jugadores que seguir\u00e1n su carrera fuera del \u201cPirata\u201d. Bueno y Maggiolo son algunos de estos.<\/b><\/h3>\n<p style=\"text-align: justify;\">\n<p style=\"text-align: justify;\">La \u201cB\u201d cerr\u00f3 unos floj\u00edsimos seis meses tras el empate en 0 ante el ya descendido All Boys. El equipo de Alberdi comenz\u00f3 el campeonato con ganas de pelear arriba, pero se termin\u00f3 quedando en mitad de tabla demostrando un pobre nivel futbol\u00edstico. Tampoco logr\u00f3 clasificarse \u00a0a la Copa Sudamericana, algo que ya se hab\u00eda cumplido el a\u00f1o pasado y que el hincha lo ve\u00eda como una buena oportunidad para \u201csalvar\u201d el semestre.<\/p>\n<p style=\"text-align: justify;\">Bajo este contexto, se supo que hay varios futbolistas que no continuaran en el equipo celeste. Entre estos podemos nombrar a Carlos Buenos, Ezequiel Maggiolo, Facundo Affranchino y Sebasti\u00e1n Carrera. Por su parte, a esta lista podr\u00eda sumarse el defensor uruguayo Sergio Rodr\u00edguez, aunque este manifest\u00f3 su intenci\u00f3n de quedarse. Todo depender\u00e1 de la decisi\u00f3n que tome el cuerpo t\u00e9cnico dirigido por Ricardo Zielinski.<\/p>\n<p style=\"text-align: justify;\">Respecto a quienes se quedan, se sabe que la dirigencia har\u00e1 un esfuerzo por retener al volante Jorge Vel\u00e1zquez. El jugador lleg\u00f3 a la \u201cB\u201d en la temporada 2012\/2013 y su contrat\u00f3 esta por expirar. De esta manera, los miembros de la comisi\u00f3n directiva se sentaran a negociar con Hugo Issa, representante de este.<\/p>\n<p style=\"text-align: justify;\">En cuanto \u00a0a lo futbol\u00edstico, el plantel pirata se reencontrara el 18 de junio para reanudar las pr\u00e1cticas en Villa Esqui\u00fa. Sobre fines de dicho mes, el plantel se instalara en Necochea para realizar una exigente pretemporada.<\/p>\n","protected":false},"excerpt":{"rendered":"<p>Luego de un flojo semestre, ya se sabe que hay varios jugadores que seguir\u00e1n su carrera fuera del \u201cPirata\u201d. Bueno y Maggiolo son algunos de estos. La \u201cB\u201d cerr\u00f3 unos floj\u00edsimos seis meses tras el empate en 0 ante el ya descendido All Boys. El equipo de Alberdi comenz\u00f3 el campeonato con ganas de pelear [&hellip;]<\/p>\n","protected":false},"author":15,"featured_media":14194,"comment_status":"open","ping_status":"open","sticky":false,"template":"","format":"standard","meta":{"_seopress_robots_primary_cat":"","_seopress_titles_title":"","_seopress_titles_desc":"","_seopress_robots_index":"","footnotes":""},"categories":[2,16],"tags":[37,1053,2970,2969,2704,105],"class_list":["post-14191","post","type-post","status-publish","format-standard","has-post-thumbnail","hentry","category-futbol","category-primera-division","tag-belgrano","tag-carlos-bueno","tag-continuidad","tag-ezequiel-maggiolo","tag-mercado-de-pases","tag-primera-division-2"],"_links":{"self":[{"href":"https:\/\/www.cordobatimes.com\/deportes\/wp-json\/wp\/v2\/posts\/14191","targetHints":{"allow":["GET"]}}],"collection":[{"href":"https:\/\/www.cordobatimes.com\/deportes\/wp-json\/wp\/v2\/posts"}],"about":[{"href":"https:\/\/www.cordobatimes.com\/deportes\/wp-json\/wp\/v2\/types\/post"}],"author":[{"embeddable":true,"href":"https:\/\/www.cordobatimes.com\/deportes\/wp-json\/wp\/v2\/users\/15"}],"replies":[{"embeddable":true,"href":"https:\/\/www.cordobatimes.com\/deportes\/wp-json\/wp\/v2\/comments?post=14191"}],"version-history":[{"count":0,"href":"https:\/\/www.cordobatimes.com\/deportes\/wp-json\/wp\/v2\/posts\/14191\/revisions"}],"wp:featuredmedia":[{"embeddable":true,"href":"https:\/\/www.cordobatimes.com\/deportes\/wp-json\/wp\/v2\/media\/14194"}],"wp:attachment":[{"href":"https:\/\/www.cordobatimes.com\/deportes\/wp-json\/wp\/v2\/media?parent=14191"}],"wp:term":[{"taxonomy":"category","embeddable":true,"href":"https:\/\/www.cordobatimes.com\/deportes\/wp-json\/wp\/v2\/categories?post=14191"},{"taxonomy":"post_tag","embeddable":true,"href":"https:\/\/www.cordobatimes.com\/deportes\/wp-json\/wp\/v2\/tags?post=14191"}],"curies":[{"name":"wp","href":"https:\/\/api.w.org\/{rel}","templated":true}]}}