{"id":14133,"date":"2014-05-18T16:00:58","date_gmt":"2014-05-18T19:00:58","guid":{"rendered":"http:\/\/www.cordobatimes.com\/deportes\/?p=14133"},"modified":"2014-05-19T07:02:43","modified_gmt":"2014-05-19T10:02:43","slug":"tc-un-misil-imparable","status":"publish","type":"post","link":"https:\/\/www.cordobatimes.com\/deportes\/automovilismo\/2014\/05\/18\/tc-un-misil-imparable\/","title":{"rendered":"TC: Un misil imparable"},"content":{"rendered":"<h3 style=\"text-align: justify;\"><a href=\"http:\/\/www.cordobatimes.com\/deportes\/wp-content\/uploads\/2014\/05\/rossi.jpg\"><img loading=\"lazy\" decoding=\"async\" class=\"alignnone size-full wp-image-14134\" alt=\"rossi\" src=\"http:\/\/www.cordobatimes.com\/deportes\/wp-content\/uploads\/2014\/05\/rossi.jpg\" width=\"690\" height=\"370\" data-id=\"14134\" srcset=\"https:\/\/www.cordobatimes.com\/deportes\/wp-content\/uploads\/2014\/05\/rossi.jpg 690w, https:\/\/www.cordobatimes.com\/deportes\/wp-content\/uploads\/2014\/05\/rossi-300x160.jpg 300w\" sizes=\"auto, (max-width: 690px) 100vw, 690px\" \/><\/a><\/h3>\n<h3 style=\"text-align: justify;\">Mat\u00edas Rossi volvi\u00f3 a estar en lo m\u00e1s alto del podio de Turismo Carretera y esta vez fue en el Gran Premio R\u00edo Uruguay Seguros de Concepci\u00f3n del Uruguay donde Agust\u00edn Canapino fue segundo y Facundo Ardusso tercero.<\/h3>\n<p>&nbsp;<\/p>\n<p>&nbsp;<\/p>\n<p style=\"text-align: justify;\">Qui\u00e9n podr\u00e1 parar a Mat\u00edas Rossi es la pregunta del mill\u00f3n, el piloto del Donto Racing fue m\u00e1s que contundente en la sexta final del a\u00f1o en Concepci\u00f3n del Uruguay y no dio chances a sus rivales a la hora de correr una final un tanto trabada por los ingresos del Pace Car.<\/p>\n<p style=\"text-align: justify;\">La carrera se dio con Rossi escap\u00e1ndose en la punta r\u00e1pidamente, en la largada Facundo Ardusso intent\u00f3 la superaci\u00f3n, pero al de Dodge no le alcanz\u00f3 y no solo eso sino que termin\u00f3 perdiendo con Agust\u00edn Canapino debiendo conformarse con el tercer lugar del podio.<\/p>\n<p style=\"text-align: justify;\">\u201cHemos sido muy cr\u00edticos muchas veces del sistema deportivo que ten\u00edamos que por ah\u00ed permit\u00eda la especulaci\u00f3n , desde que se ha modificado eso soy un agradecido de la categor\u00eda que premie el ir para delante, se ha reducido la cantidad de kilos y eso se nota porque el auto sigue siendo competitivo y es lindo ir para adelante, yo lo dije vine a ganar y las cosas se vienen dando muy bien. Creo que Ardusso se encontr\u00f3 con una pista lenta en la serie, el Pace Car perjudic\u00f3 a Agustin y se dio todo para que yo pudiera largar adelante, lo importante es que siempre hay que estar ah\u00ed para poder ganar sumado a la capacidad del equipo que me da un auto incre\u00edble. Hay que seguir pensando de aqu\u00ed en adelante y no relegarnos para siempre mejorar\u201d, reflexion\u00f3 el ganador.<\/p>\n<p style=\"text-align: justify;\">\u201cTenemos un a\u00f1o bastante desparejo, sumamos en la primera y segunda ay despu\u00e9s no sumaos nada, pero lo importante es que pudimos quebrar esa racha, tuvimos un buen fin de semana, claramente Mat\u00edas est\u00e1 marcando la diferencia y nosotros hoy pudimos estar cerca, mw hubiese gustado poder pelar m\u00e1s por la carrera pero no tuve la posibilidad, a\u00fan as\u00ed estoy muy feliz este es un paso adelante y seguiremos trabajando\u201d, asegur\u00f3 Canapino.<\/p>\n<p style=\"text-align: justify;\">\u201cLo intentamos desde el inicio, sab\u00edamos que iba a ser dificil correrlo a Mat\u00edas, no sali\u00f3 en la largada, Agust\u00edn me super\u00f3 bien y de ah\u00ed en adelante fue correrlo a \u00e9l, redondeando la carrera tuve un problema en el pedal del freno y me tuve que conformar con el tercer lugar, pero se pudo sumar y eso es importante\u201d, explic\u00f3 Ardusso<\/p>\n<p style=\"text-align: justify;\">Detr\u00e1s del terceto de punta se ubic\u00f3 la Dodge de Mart\u00edn Ponte seguida por la Chevy de Christian Ledesma, quien complet\u00f3 el pelot\u00f3n de los primeros cinco. M\u00e1s atr\u00e1s Nicol\u00e1s Trosset volvi\u00f3 a meterse entre los diez primeros con la Dodge justo delante de su t\u00edo, Norberto Fontana, una vez m\u00e1s la familia yendo a la par como en La Pampa donde terminaron noveno y d\u00e9cimo. El octavo puesto fue de Juan Mart\u00edn Trucco, mientras que el noveno y d\u00e9cimo lugar qued\u00f3 en manos de Gabriel Ponce de Le\u00f3n (Ford) y Emiliano Spataro (Dodge).<\/p>\n<p style=\"text-align: justify;\">En lo que respecta a la Copa de Entre R\u00edos, fue Rossi quien se qued\u00f3 con el premio tras tres excelentes carreras en las que se vivi\u00f3 el Turismo Carretera a pura pasi\u00f3n. Ahora solo queda esperar por lo que ser\u00e1 Termas de R\u00edo Hondo el pr\u00f3ximo primero de junio, mientras tanto el \u201cMisil\u201d dispara alegr\u00eda.<\/p>\n<h6 style=\"text-align: justify;\">\nACTC, Prensa<\/h6>\n","protected":false},"excerpt":{"rendered":"<p>Mat\u00edas Rossi volvi\u00f3 a estar en lo m\u00e1s alto del podio de Turismo Carretera y esta vez fue en el Gran Premio R\u00edo Uruguay Seguros de Concepci\u00f3n del Uruguay donde Agust\u00edn Canapino fue segundo y Facundo Ardusso tercero. &nbsp; &nbsp; Qui\u00e9n podr\u00e1 parar a Mat\u00edas Rossi es la pregunta del mill\u00f3n, el piloto del Donto [&hellip;]<\/p>\n","protected":false},"author":6,"featured_media":14134,"comment_status":"open","ping_status":"open","sticky":false,"template":"","format":"standard","meta":{"_seopress_robots_primary_cat":"","_seopress_titles_title":"","_seopress_titles_desc":"","_seopress_robots_index":"","footnotes":""},"categories":[1,9],"tags":[469,2939,242],"class_list":["post-14133","post","type-post","status-publish","format-standard","has-post-thumbnail","hentry","category-automovilismo","category-tc","tag-matias-rossi","tag-tc-en-concepcion-del-uruguay","tag-turismo-carretera"],"_links":{"self":[{"href":"https:\/\/www.cordobatimes.com\/deportes\/wp-json\/wp\/v2\/posts\/14133","targetHints":{"allow":["GET"]}}],"collection":[{"href":"https:\/\/www.cordobatimes.com\/deportes\/wp-json\/wp\/v2\/posts"}],"about":[{"href":"https:\/\/www.cordobatimes.com\/deportes\/wp-json\/wp\/v2\/types\/post"}],"author":[{"embeddable":true,"href":"https:\/\/www.cordobatimes.com\/deportes\/wp-json\/wp\/v2\/users\/6"}],"replies":[{"embeddable":true,"href":"https:\/\/www.cordobatimes.com\/deportes\/wp-json\/wp\/v2\/comments?post=14133"}],"version-history":[{"count":0,"href":"https:\/\/www.cordobatimes.com\/deportes\/wp-json\/wp\/v2\/posts\/14133\/revisions"}],"wp:featuredmedia":[{"embeddable":true,"href":"https:\/\/www.cordobatimes.com\/deportes\/wp-json\/wp\/v2\/media\/14134"}],"wp:attachment":[{"href":"https:\/\/www.cordobatimes.com\/deportes\/wp-json\/wp\/v2\/media?parent=14133"}],"wp:term":[{"taxonomy":"category","embeddable":true,"href":"https:\/\/www.cordobatimes.com\/deportes\/wp-json\/wp\/v2\/categories?post=14133"},{"taxonomy":"post_tag","embeddable":true,"href":"https:\/\/www.cordobatimes.com\/deportes\/wp-json\/wp\/v2\/tags?post=14133"}],"curies":[{"name":"wp","href":"https:\/\/api.w.org\/{rel}","templated":true}]}}