{"id":14092,"date":"2014-05-17T21:00:08","date_gmt":"2014-05-18T00:00:08","guid":{"rendered":"http:\/\/www.cordobatimes.com\/deportes\/?p=14092"},"modified":"2014-05-17T21:31:58","modified_gmt":"2014-05-18T00:31:58","slug":"tc-pistala-mas-rapida-para-dianda","status":"publish","type":"post","link":"https:\/\/www.cordobatimes.com\/deportes\/automovilismo\/2014\/05\/17\/tc-pistala-mas-rapida-para-dianda\/","title":{"rendered":"TC Pista:La m\u00e1s r\u00e1pida para Dianda"},"content":{"rendered":"<p style=\"text-align: justify;\"><a href=\"http:\/\/www.cordobatimes.com\/deportes\/wp-content\/uploads\/2014\/05\/dianda.jpg\"><img loading=\"lazy\" decoding=\"async\" class=\"alignnone size-full wp-image-14093\" alt=\"dianda\" src=\"http:\/\/www.cordobatimes.com\/deportes\/wp-content\/uploads\/2014\/05\/dianda.jpg\" width=\"690\" height=\"370\" data-id=\"14093\" srcset=\"https:\/\/www.cordobatimes.com\/deportes\/wp-content\/uploads\/2014\/05\/dianda.jpg 690w, https:\/\/www.cordobatimes.com\/deportes\/wp-content\/uploads\/2014\/05\/dianda-300x160.jpg 300w\" sizes=\"auto, (max-width: 690px) 100vw, 690px\" \/><\/a><\/p>\n<h3 style=\"text-align: justify;\">El colorado se qued\u00f3 con la serie m\u00e1s veloz de la tarde de TC Pista en el Gran Premio R\u00edo Uruguay Seguros de Concepci\u00f3n del Uruguay. El otro parcial qued\u00f3 en manos de Diego Verriello.<\/h3>\n<p>&nbsp;<\/p>\n<p style=\"text-align: justify;\">En un aut\u00f3dromo lleno se llevaron a cabo las dos series del TC Pista y fue Nicol\u00e1s Dianda quien mejor capitaliz\u00f3 la tarde qued\u00e1ndose con el parcial m\u00e1s veloz tras adue\u00f1arse de la competencia en la largada.<\/p>\n<p style=\"text-align: justify;\">El Colo del Laboritto Jrs. Racing larg\u00f3 adelante en la segunda serie junto a la unidad piloteada por Federico P\u00e9rez, desde el sem\u00e1foro verde Dianda tom\u00f3 el control al tiempo que Juan Jos\u00e9 Ebarlin le sacaba el segundo lugar a Federico P\u00e9rez, pero posteriormente el Chevrolet del \u201cMago\u201d dijo basta mientras que el de Jun\u00edn defend\u00eda la posici\u00f3n con Nicol\u00e1s Gonz\u00e1lez y Alan Ruggiero, pero a metros de la bandera a cuadros P\u00e9rez se fue de la pista dej\u00e1ndole el lugar a los Ford de Gonz\u00e1lez y Ruggiero.<\/p>\n<p style=\"text-align: justify;\">En el primer parcial Diego Verriello larg\u00f3 adelante junto a Jos\u00e9 Manuel Urcera, en una largada apretada el de Dodge agarr\u00f3 la punta luego de un roce con el de Chevrolet. Urcera intent\u00f3 por afuera, patin\u00f3 un poco y en el roce se vio retrasado, momento que aprovech\u00f3 Emmanuel P\u00e9rez Bravo para meterse segundo delante de Camilo Echevarr\u00eda. Esta fue la serie m\u00e1s lenta ya que en a segunda vuelta la Dodge de Gast\u00f3n Crusitta se fue a la tierra y no la pudieron sacar por el barro, por lo que el parcial finaliz\u00f3 con Pace Car.<\/p>\n<p style=\"text-align: justify;\">En la final dominical que se largar\u00e1 a las 11:05 partir\u00e1n adelanta Diana y Verriello seguidos por Gonz\u00e1lez y P\u00e9rez Bravo.<\/p>\n<p style=\"text-align: justify;\">Prensa ACTC<\/p>\n","protected":false},"excerpt":{"rendered":"<p>El colorado se qued\u00f3 con la serie m\u00e1s veloz de la tarde de TC Pista en el Gran Premio R\u00edo Uruguay Seguros de Concepci\u00f3n del Uruguay. El otro parcial qued\u00f3 en manos de Diego Verriello. &nbsp; En un aut\u00f3dromo lleno se llevaron a cabo las dos series del TC Pista y fue Nicol\u00e1s Dianda quien [&hellip;]<\/p>\n","protected":false},"author":6,"featured_media":14093,"comment_status":"open","ping_status":"open","sticky":false,"template":"","format":"standard","meta":{"_seopress_robots_primary_cat":"","_seopress_titles_title":"","_seopress_titles_desc":"","_seopress_robots_index":"","footnotes":""},"categories":[1,11],"tags":[],"class_list":["post-14092","post","type-post","status-publish","format-standard","has-post-thumbnail","hentry","category-automovilismo","category-tc-pista"],"_links":{"self":[{"href":"https:\/\/www.cordobatimes.com\/deportes\/wp-json\/wp\/v2\/posts\/14092","targetHints":{"allow":["GET"]}}],"collection":[{"href":"https:\/\/www.cordobatimes.com\/deportes\/wp-json\/wp\/v2\/posts"}],"about":[{"href":"https:\/\/www.cordobatimes.com\/deportes\/wp-json\/wp\/v2\/types\/post"}],"author":[{"embeddable":true,"href":"https:\/\/www.cordobatimes.com\/deportes\/wp-json\/wp\/v2\/users\/6"}],"replies":[{"embeddable":true,"href":"https:\/\/www.cordobatimes.com\/deportes\/wp-json\/wp\/v2\/comments?post=14092"}],"version-history":[{"count":0,"href":"https:\/\/www.cordobatimes.com\/deportes\/wp-json\/wp\/v2\/posts\/14092\/revisions"}],"wp:featuredmedia":[{"embeddable":true,"href":"https:\/\/www.cordobatimes.com\/deportes\/wp-json\/wp\/v2\/media\/14093"}],"wp:attachment":[{"href":"https:\/\/www.cordobatimes.com\/deportes\/wp-json\/wp\/v2\/media?parent=14092"}],"wp:term":[{"taxonomy":"category","embeddable":true,"href":"https:\/\/www.cordobatimes.com\/deportes\/wp-json\/wp\/v2\/categories?post=14092"},{"taxonomy":"post_tag","embeddable":true,"href":"https:\/\/www.cordobatimes.com\/deportes\/wp-json\/wp\/v2\/tags?post=14092"}],"curies":[{"name":"wp","href":"https:\/\/api.w.org\/{rel}","templated":true}]}}