{"id":14088,"date":"2014-05-17T21:14:44","date_gmt":"2014-05-18T00:14:44","guid":{"rendered":"http:\/\/www.cordobatimes.com\/deportes\/?p=14088"},"modified":"2014-05-17T21:14:44","modified_gmt":"2014-05-18T00:14:44","slug":"el-sabado-entrerriano-es-de-ardusso","status":"publish","type":"post","link":"https:\/\/www.cordobatimes.com\/deportes\/automovilismo\/2014\/05\/17\/el-sabado-entrerriano-es-de-ardusso\/","title":{"rendered":"El s\u00e1bado entrerriano es de Ardusso"},"content":{"rendered":"<h3 style=\"text-align: justify;\"><a href=\"http:\/\/www.cordobatimes.com\/deportes\/wp-content\/uploads\/2014\/05\/TC1.jpg\"><img loading=\"lazy\" decoding=\"async\" class=\"alignnone size-full wp-image-14089\" alt=\"TC\" src=\"http:\/\/www.cordobatimes.com\/deportes\/wp-content\/uploads\/2014\/05\/TC1.jpg\" width=\"690\" height=\"370\" data-id=\"14089\" srcset=\"https:\/\/www.cordobatimes.com\/deportes\/wp-content\/uploads\/2014\/05\/TC1.jpg 690w, https:\/\/www.cordobatimes.com\/deportes\/wp-content\/uploads\/2014\/05\/TC1-300x160.jpg 300w\" sizes=\"auto, (max-width: 690px) 100vw, 690px\" \/><\/a><\/h3>\n<h3 style=\"text-align: justify;\">Al igual que en Concordia, el piloto de Las Parejas fue el m\u00e1s veloz a la hora de clasificar el Turismo Carretera, pero esta vez en el Gran Premio R\u00edo Uruguay Seguros de Concepci\u00f3n del Uruguay.<\/h3>\n<p style=\"text-align: justify;\">\n<p style=\"text-align: justify;\">Nadie pudo con el tiempo conseguido ayer por Facundo Ardusso, quien mantuvo el registro de 1m25s617 y de esa manera alcanz\u00f3 su segunda pole dentro del Turismo Carretera junto a la Dodge del Lincoln Sport Group.<\/p>\n<p style=\"text-align: justify;\">Detr\u00e1s del \u201cFlaco\u201d de Las Parejas finaliz\u00f3 Mat\u00edas Rossi con el Chevrolet a 66 mil\u00e9simas, en tanto que Agust\u00edn Canapino logr\u00f3 meterse tercero delante de Christian Ledesma (Chevrolet), Mart\u00edn Ponte (Torino), Guillermo Ortelli (Chevrolet), Juan Mart\u00edn Trucco (Dodge), Norberto Fontana (Torino), Nicol\u00e1s Trosset (Dodge) y Emiliano Spataro (Dodge).<\/p>\n<p style=\"text-align: justify;\">\u201cLa verdad es que todo el equipo me ha entregado un auto muy bueno que pudo marcar el rumbo, trabajamos mucho evolucionamos y hoy me encontr\u00e9 con una condici\u00f3n de pista que no me permiti\u00f3 mejorar, pero me lo tom\u00e9 con mucha calma porque sab\u00eda que iba a ser muy dif\u00edcil que se mejoren los tiempos y que me iba a mantener en pole, as\u00ed que ma\u00f1ana vamos por el mejor resultado posible\u201d, coment\u00f3 el poleman.<\/p>\n<p style=\"text-align: justify;\">\u201cSigo teniendo un auto muy r\u00e1pido y tengo muchas buenas expectativas para ma\u00f1ana, ser\u00e1 un poco una loter\u00eda por la pista, la mayor duda creo que pasa por la primera serie y apostaremos a hacer una buena serie y ser r\u00e1pidos, esperamos estar a la altura de las circunstancias\u201d, expres\u00f3 Rossi.<\/p>\n<p style=\"text-align: justify;\">En tanto que Canapino explic\u00f3 que para \u00e9l fue un gran d\u00eda ayer y que la alegr\u00eda es mucha por el salto que se ha hecho en esta carrera y que es un circuito que se convirti\u00f3 en complicado para todos por c\u00f3mo se ensuci\u00f3 tras la lluvia, mientras que Ledesma mostr\u00f3 la misma conformidad con lo hecho sum\u00e1ndose a la opini\u00f3n de todos los pilotos de la falta de grip en la pista, pero el marplatense se mostr\u00f3 muy feliz por el andar de la Chevy que le permite seguir estando adelante en las clasificaciones.<\/p>\n<p style=\"text-align: justify;\">\u201cPara mi corriendo casi de local es muy importante estar ac\u00e1, estoy teniendo un muy buen auto, hoy estaba dif\u00edcil para mejorar y nosotros pudimos hacerlo as\u00ed que es muy meritorio, creo que ma\u00f1ana va a ser una linda carrera e intentaremos pelear\u201d, asegur\u00f3 Ponte.<\/p>\n<p style=\"text-align: justify;\">\u201cEn lo personal fue bueno el d\u00eda s\u00e1bado para nosotros, pudimos mejorar, estuvimos bien en entrenamientos y lo capitalizamos en clasificaci\u00f3n, el objetivo es termina lo m\u00e1s adelante posible y seguir siendo competitivos\u201d, finaliz\u00f3 Ortelli.<\/p>\n<p style=\"text-align: justify;\">Las series de este domingo los tendr\u00e1n a Ardusso y Ledesma largando adelante en el primer parcial, Rossi y Ponte haciendo lo propio en el segundo, mientras que en el tercero lo har\u00e1n Canapino y Ortelli.<\/p>\n<p style=\"text-align: justify;\">\n<h6 style=\"text-align: justify;\">Prensa ACTC<\/h6>\n","protected":false},"excerpt":{"rendered":"<p>Al igual que en Concordia, el piloto de Las Parejas fue el m\u00e1s veloz a la hora de clasificar el Turismo Carretera, pero esta vez en el Gran Premio R\u00edo Uruguay Seguros de Concepci\u00f3n del Uruguay. Nadie pudo con el tiempo conseguido ayer por Facundo Ardusso, quien mantuvo el registro de 1m25s617 y de esa [&hellip;]<\/p>\n","protected":false},"author":6,"featured_media":14089,"comment_status":"open","ping_status":"open","sticky":false,"template":"","format":"standard","meta":{"_seopress_robots_primary_cat":"","_seopress_titles_title":"","_seopress_titles_desc":"","_seopress_robots_index":"","footnotes":""},"categories":[1,9],"tags":[678,2939],"class_list":["post-14088","post","type-post","status-publish","format-standard","has-post-thumbnail","hentry","category-automovilismo","category-tc","tag-facundo-ardusso","tag-tc-en-concepcion-del-uruguay"],"_links":{"self":[{"href":"https:\/\/www.cordobatimes.com\/deportes\/wp-json\/wp\/v2\/posts\/14088","targetHints":{"allow":["GET"]}}],"collection":[{"href":"https:\/\/www.cordobatimes.com\/deportes\/wp-json\/wp\/v2\/posts"}],"about":[{"href":"https:\/\/www.cordobatimes.com\/deportes\/wp-json\/wp\/v2\/types\/post"}],"author":[{"embeddable":true,"href":"https:\/\/www.cordobatimes.com\/deportes\/wp-json\/wp\/v2\/users\/6"}],"replies":[{"embeddable":true,"href":"https:\/\/www.cordobatimes.com\/deportes\/wp-json\/wp\/v2\/comments?post=14088"}],"version-history":[{"count":0,"href":"https:\/\/www.cordobatimes.com\/deportes\/wp-json\/wp\/v2\/posts\/14088\/revisions"}],"wp:featuredmedia":[{"embeddable":true,"href":"https:\/\/www.cordobatimes.com\/deportes\/wp-json\/wp\/v2\/media\/14089"}],"wp:attachment":[{"href":"https:\/\/www.cordobatimes.com\/deportes\/wp-json\/wp\/v2\/media?parent=14088"}],"wp:term":[{"taxonomy":"category","embeddable":true,"href":"https:\/\/www.cordobatimes.com\/deportes\/wp-json\/wp\/v2\/categories?post=14088"},{"taxonomy":"post_tag","embeddable":true,"href":"https:\/\/www.cordobatimes.com\/deportes\/wp-json\/wp\/v2\/tags?post=14088"}],"curies":[{"name":"wp","href":"https:\/\/api.w.org\/{rel}","templated":true}]}}