{"id":14033,"date":"2014-05-17T16:13:14","date_gmt":"2014-05-17T19:13:14","guid":{"rendered":"http:\/\/www.cordobatimes.com\/deportes\/?p=14033"},"modified":"2014-05-17T17:34:35","modified_gmt":"2014-05-17T20:34:35","slug":"diego-simeone-se-convirtio-en-el-quinto-director-tecnico-argentino-en-ganar-la-liga-espanola","status":"publish","type":"post","link":"https:\/\/www.cordobatimes.com\/deportes\/futbol\/2014\/05\/17\/diego-simeone-se-convirtio-en-el-quinto-director-tecnico-argentino-en-ganar-la-liga-espanola\/","title":{"rendered":"Simeone se convirti\u00f3 en el quinto t\u00e9cnico argentino en ganar la Liga espa\u00f1ola"},"content":{"rendered":"<h3 style=\"text-align: justify;\"><a href=\"http:\/\/www.cordobatimes.com\/deportes\/wp-content\/uploads\/2014\/05\/simeone.jpg\"><img loading=\"lazy\" decoding=\"async\" class=\"aligncenter size-full wp-image-14034\" alt=\"simeone\" src=\"http:\/\/www.cordobatimes.com\/deportes\/wp-content\/uploads\/2014\/05\/simeone.jpg\" width=\"600\" height=\"450\" data-id=\"14034\" srcset=\"https:\/\/www.cordobatimes.com\/deportes\/wp-content\/uploads\/2014\/05\/simeone.jpg 600w, https:\/\/www.cordobatimes.com\/deportes\/wp-content\/uploads\/2014\/05\/simeone-300x225.jpg 300w\" sizes=\"auto, (max-width: 600px) 100vw, 600px\" \/><\/a><\/h3>\n<h3 style=\"text-align: justify;\"><strong>El &#8220;Cholo&#8221; se sum\u00f3 al grupo que ya integraban Helenio Herrera, ganador de cuatro t\u00edtulos, Luis Carniglia, Alfredo Di St\u00e9fano y Jorge Valdano.<\/strong><\/h3>\n<p>&nbsp;<\/p>\n<p style=\"text-align: justify;\">luego de consagrarse este s\u00e1bado en la \u00faltima fecha de la temporada con el empate de Atl\u00e9tico de Madrid ante Barcelona (1-1), de visitante en el Camp Nou.<\/p>\n<p style=\"text-align: justify;\">El ex capit\u00e1n del seleccionado argentino se sum\u00f3 al grupo que ya integraban Helenio Herrera, ganador de cuatro t\u00edtulos, Luis Carniglia, Alfredo Di St\u00e9fano y Jorge Valdano.<\/p>\n<p style=\"text-align: justify;\">Herrera festej\u00f3 dos veces con Atletico en 1949-50 y 1950-51 y logr\u00f3 otro doblete consecutivo con Barcelona en las temporadas 1958-59 y 1959-60.<\/p>\n<p style=\"text-align: justify;\">Un a\u00f1o antes de aquella serie con el club catal\u00e1n, Carniglia fue campe\u00f3n con Real Madrid, al que tambi\u00e9n consagr\u00f3 Valdano pero en la campa\u00f1a de 1994-95.<\/p>\n<p style=\"text-align: justify;\">Antes de \u00e9l, Di St\u00e9fano -presidente honorario del club blanco- hab\u00eda ganado la Liga 1970-71 como entrenador de Valencia.<\/p>\n<p style=\"text-align: justify;\">Simeone, de 44 a\u00f1os, consigui\u00f3 su cuarto t\u00edtulo como DT del Atl\u00e9tico tras la Liga de Europa 2011-12, la Supercopa de Europa 2012-13 y la Copa del Rey 2012-13.<\/p>\n<p style=\"text-align: justify;\">El s\u00e1bado pr\u00f3ximo en Lisboa jugar\u00e1 la final de la Liga de Campeones de Europa ante Real Madrid a la b\u00fasqueda del quinto logro desde que asumi\u00f3 el cargo en diciembre de 2011.<\/p>\n<p style=\"text-align: justify;\">Atl\u00e9tico hab\u00eda festejado la Liga local en 1995-96, con el Cholo como futbolista, y a\u00f1adi\u00f3 la d\u00e9cima a su vitrina. Las anteriores fueron 1939-40, 1940-41, 1949-50, 1950-51, 1965-66, 1969-70, 1972-73 y 1976-77. (T\u00e9lam)<\/p>\n<blockquote class=\"twitter-tweet\" lang=\"es\"><p>Un l\u00edder al que todos seguimos. Simeone manteado por sus futbolistas <a href=\"https:\/\/twitter.com\/search?q=%23LigaRojiblanca&amp;src=hash\">#LigaRojiblanca<\/a> <a href=\"http:\/\/t.co\/hEjLHUe82D\">pic.twitter.com\/hEjLHUe82D<\/a><\/p>\n<p>\u2014 Atl\u00e9tico de Madrid (@Atleti) <a href=\"https:\/\/twitter.com\/Atleti\/statuses\/467735409536303104\">Mayo 17, 2014<\/a><\/p><\/blockquote>\n","protected":false},"excerpt":{"rendered":"<p>El &#8220;Cholo&#8221; se sum\u00f3 al grupo que ya integraban Helenio Herrera, ganador de cuatro t\u00edtulos, Luis Carniglia, Alfredo Di St\u00e9fano y Jorge Valdano. &nbsp; luego de consagrarse este s\u00e1bado en la \u00faltima fecha de la temporada con el empate de Atl\u00e9tico de Madrid ante Barcelona (1-1), de visitante en el Camp Nou. El ex capit\u00e1n [&hellip;]<\/p>\n","protected":false},"author":1,"featured_media":14034,"comment_status":"open","ping_status":"open","sticky":false,"template":"","format":"standard","meta":{"_seopress_robots_primary_cat":"","_seopress_titles_title":"","_seopress_titles_desc":"","_seopress_robots_index":"","footnotes":""},"categories":[2,18],"tags":[165,67,69,122,222],"class_list":{"0":"post-14033","1":"post","2":"type-post","3":"status-publish","4":"format-standard","5":"has-post-thumbnail","6":"hentry","7":"category-futbol","8":"category-futbol-internacional","9":"tag-atletico-de-madrid","10":"tag-barcelona","12":"tag-simeone","13":"tag-tata-martino"},"_links":{"self":[{"href":"https:\/\/www.cordobatimes.com\/deportes\/wp-json\/wp\/v2\/posts\/14033","targetHints":{"allow":["GET"]}}],"collection":[{"href":"https:\/\/www.cordobatimes.com\/deportes\/wp-json\/wp\/v2\/posts"}],"about":[{"href":"https:\/\/www.cordobatimes.com\/deportes\/wp-json\/wp\/v2\/types\/post"}],"author":[{"embeddable":true,"href":"https:\/\/www.cordobatimes.com\/deportes\/wp-json\/wp\/v2\/users\/1"}],"replies":[{"embeddable":true,"href":"https:\/\/www.cordobatimes.com\/deportes\/wp-json\/wp\/v2\/comments?post=14033"}],"version-history":[{"count":0,"href":"https:\/\/www.cordobatimes.com\/deportes\/wp-json\/wp\/v2\/posts\/14033\/revisions"}],"wp:featuredmedia":[{"embeddable":true,"href":"https:\/\/www.cordobatimes.com\/deportes\/wp-json\/wp\/v2\/media\/14034"}],"wp:attachment":[{"href":"https:\/\/www.cordobatimes.com\/deportes\/wp-json\/wp\/v2\/media?parent=14033"}],"wp:term":[{"taxonomy":"category","embeddable":true,"href":"https:\/\/www.cordobatimes.com\/deportes\/wp-json\/wp\/v2\/categories?post=14033"},{"taxonomy":"post_tag","embeddable":true,"href":"https:\/\/www.cordobatimes.com\/deportes\/wp-json\/wp\/v2\/tags?post=14033"}],"curies":[{"name":"wp","href":"https:\/\/api.w.org\/{rel}","templated":true}]}}