{"id":13974,"date":"2014-05-15T23:16:58","date_gmt":"2014-05-16T02:16:58","guid":{"rendered":"http:\/\/www.cordobatimes.com\/deportes\/?p=13974"},"modified":"2019-04-02T21:06:21","modified_gmt":"2019-04-03T00:06:21","slug":"gareca-se-aproxima-a-racing-club","status":"publish","type":"post","link":"https:\/\/www.cordobatimes.com\/deportes\/futbol\/2014\/05\/15\/gareca-se-aproxima-a-racing-club\/","title":{"rendered":"Gareca se aproxima a Racing Club"},"content":{"rendered":"<h3 style=\"text-align: justify;\"><strong>Por una diferencia econ\u00f3mica, Ricardo Gareca no lleg\u00f3 a un acuerdo para ser el director t\u00e9cnico de la Universidad de Chile. Por tal motivo, el elenco trasandino ya eligi\u00f3 que su pr\u00f3ximo entrenador ser\u00e1 el uruguayo Mart\u00edn Lasarte, quien firmar\u00e1 un contrato por dos temporadas.<\/strong><\/h3>\n<p style=\"text-align: justify;\">Como consecuencia de esto, y tambi\u00e9n considerando que el pedido de la familia fue quedarse en Argentina, el \u201cTigre\u201d se acerca a Racing. \u00bfC\u00f3mo est\u00e1 el cuadro de situaci\u00f3n? En la \u201cAcademia\u201d lo tienen como el principal (en realidad, el \u00fanico) candidato, motivo por el que no est\u00e1n desesperados y esperan tranquilos la decisi\u00f3n del propio t\u00e9cnico.<\/p>\n<p style=\"text-align: justify;\">Sin embargo, en las \u00faltimas horas, Gareca se comunic\u00f3 con el presidente de la \u201cAcademia\u201d, V\u00edctor Blanco, y pautaron una reuni\u00f3n para la pr\u00f3xima semana. \u00bfSe acerca a Avellaneda? En el club har\u00e1n todo lo posible para que sea el reemplazante de \u201cMostaza\u201d Merlo, y, en un principio, el aspecto econ\u00f3mico no ser\u00eda un impedimento para su arribo. En este contexto, los dirigentes vieron como un gesto de acercamiento que sea el propio DT el que se haya comunicado con ellos.<\/p>\n<p style=\"text-align: justify;\">El ex entrenador de V\u00e9lez tambi\u00e9n tiene ofertas de M\u00e9xico y Brasil, aunque privilegiar\u00eda seguir en el f\u00fatbol argentino. Y en este contexto, la prioridad para Gareca es Racing; incluso por sobre Newell\u00b4s, con quien mantuvo contactos, pero luego les hizo saber que en el pa\u00eds, prefer\u00eda recalar en la instituci\u00f3n de Avellaneda. Por este motivo, en la \u201cLepra\u201d est\u00e1n muy cerca de acordar la llegada de Diego Cocca, quien recientemente obtuvo el ascenso con Defensa y Justicia.<\/p>\n","protected":false},"excerpt":{"rendered":"<p>Por una diferencia econ\u00f3mica, Ricardo Gareca no lleg\u00f3 a un acuerdo para ser el director t\u00e9cnico de la Universidad de Chile. Por tal motivo, el elenco trasandino ya eligi\u00f3 que su pr\u00f3ximo entrenador ser\u00e1 el uruguayo Mart\u00edn Lasarte, quien firmar\u00e1 un contrato por dos temporadas. Como consecuencia de esto, y tambi\u00e9n considerando que el pedido [&hellip;]<\/p>\n","protected":false},"author":1,"featured_media":13975,"comment_status":"open","ping_status":"open","sticky":false,"template":"","format":"standard","meta":{"_seopress_robots_primary_cat":"none","_seopress_titles_title":"","_seopress_titles_desc":"","_seopress_robots_index":"","footnotes":""},"categories":[2,16],"tags":[2927,327],"class_list":["post-13974","post","type-post","status-publish","format-standard","has-post-thumbnail","hentry","category-futbol","category-primera-division","tag-dt-de-racing","tag-gareca"],"_links":{"self":[{"href":"https:\/\/www.cordobatimes.com\/deportes\/wp-json\/wp\/v2\/posts\/13974","targetHints":{"allow":["GET"]}}],"collection":[{"href":"https:\/\/www.cordobatimes.com\/deportes\/wp-json\/wp\/v2\/posts"}],"about":[{"href":"https:\/\/www.cordobatimes.com\/deportes\/wp-json\/wp\/v2\/types\/post"}],"author":[{"embeddable":true,"href":"https:\/\/www.cordobatimes.com\/deportes\/wp-json\/wp\/v2\/users\/1"}],"replies":[{"embeddable":true,"href":"https:\/\/www.cordobatimes.com\/deportes\/wp-json\/wp\/v2\/comments?post=13974"}],"version-history":[{"count":0,"href":"https:\/\/www.cordobatimes.com\/deportes\/wp-json\/wp\/v2\/posts\/13974\/revisions"}],"wp:featuredmedia":[{"embeddable":true,"href":"https:\/\/www.cordobatimes.com\/deportes\/wp-json\/wp\/v2\/media\/13975"}],"wp:attachment":[{"href":"https:\/\/www.cordobatimes.com\/deportes\/wp-json\/wp\/v2\/media?parent=13974"}],"wp:term":[{"taxonomy":"category","embeddable":true,"href":"https:\/\/www.cordobatimes.com\/deportes\/wp-json\/wp\/v2\/categories?post=13974"},{"taxonomy":"post_tag","embeddable":true,"href":"https:\/\/www.cordobatimes.com\/deportes\/wp-json\/wp\/v2\/tags?post=13974"}],"curies":[{"name":"wp","href":"https:\/\/api.w.org\/{rel}","templated":true}]}}