{"id":13970,"date":"2014-05-15T23:05:25","date_gmt":"2014-05-16T02:05:25","guid":{"rendered":"http:\/\/www.cordobatimes.com\/deportes\/?p=13970"},"modified":"2014-05-15T23:08:35","modified_gmt":"2014-05-16T02:08:35","slug":"malaga-va-por-martino","status":"publish","type":"post","link":"https:\/\/www.cordobatimes.com\/deportes\/futbol\/2014\/05\/15\/malaga-va-por-martino\/","title":{"rendered":"M\u00e1laga va por Martino"},"content":{"rendered":"<h3><a href=\"http:\/\/www.cordobatimes.com\/deportes\/wp-content\/uploads\/2014\/04\/martino_1.jpg\"><img loading=\"lazy\" decoding=\"async\" class=\"aligncenter size-full wp-image-11610\" alt=\"martino_1\" src=\"http:\/\/www.cordobatimes.com\/deportes\/wp-content\/uploads\/2014\/04\/martino_1.jpg\" width=\"970\" height=\"546\" data-id=\"11610\" srcset=\"https:\/\/www.cordobatimes.com\/deportes\/wp-content\/uploads\/2014\/04\/martino_1.jpg 970w, https:\/\/www.cordobatimes.com\/deportes\/wp-content\/uploads\/2014\/04\/martino_1-300x168.jpg 300w\" sizes=\"auto, (max-width: 970px) 100vw, 970px\" \/><\/a><\/h3>\n<h3 style=\"text-align: justify;\"><strong>El elenco \u201cblanquiazul\u201d tuvo una mala campa\u00f1a y decidi\u00f3 prescindir de los servicios del entrenador alem\u00e1n Bernrd Schuster. Ahora, el principal objetivo de la dirigencia es convencer al \u201cTata\u201d, quien no seguir\u00eda en Barcelona. En el club militan los argentinos Wilfredo Caballero, Marcos Angeleri, Fernando Tissone, Pablo P\u00e9rez (ex Newell\u00b4s) y Ezequiel Rescaldani.<\/strong><\/h3>\n<p>&nbsp;<\/p>\n<p style=\"text-align: justify;\">La Liga espa\u00f1ola a\u00fan no culmin\u00f3, pero varios equipos comenzaron a tomar medidas importantes y a moverse en el mercado de pases. Uno de los que inici\u00f3 fue el M\u00e1laga, que decidi\u00f3 despedir a Bernd Schuster.<\/p>\n<p style=\"text-align: justify;\">El elenco \u201cblanquiazul\u201d hizo una campa\u00f1a muy lejos de lo esperado, considerando las \u00faltimas que realiz\u00f3. El equipo naveg\u00f3 gran parte del certamen por la parte baja de la tabla y reci\u00e9n sobre el final pudo asegurar su presencia en Primera en la pr\u00f3xima temporada.<\/p>\n<p style=\"text-align: justify;\">Ante esto, ayer, Moayat Shatat (vicepresidente), Vicente Casado (director general) y Mario Husillos (director deportivo), se dirigieron a la pr\u00e1ctica para comunicarle al entrenador que prescindir\u00e1n de sus servicios. Si bien el alem\u00e1n firm\u00f3 por 5 a\u00f1os, hab\u00eda una cl\u00e1usula para romper el v\u00ednculo en caso que no finalice entre los primeros 10.<\/p>\n<p style=\"text-align: justify;\">El principal objetivo de los mandatarios del M\u00e1laga es poder seducir a Gerardo Martino, quien parecer\u00eda tener los d\u00edas contados en Barcelona, pese a que salga campe\u00f3n (lo reemplazar\u00eda Luis Enrique). Un escal\u00f3n por debajo del \u201cTata\u201d aparecen Quique S\u00e1nchez Flores, Paco J\u00e9mez, Paulo Fonseca, Eusebio Sacrist\u00e1n y Pepe Mel.<\/p>\n<p style=\"text-align: justify;\">En caso de aceptar, el rosarino volver\u00e1 a dirigir a Pablo P\u00e9rez, a quien tuvo en Newell`s. Los otros argentinos dentro del plantel son \u201cWilly\u201d Caballero, Marcos Angeleri, Pablo P\u00e9rez, Fernando Tissone y Ezequiel Rescaldani.<\/p>\n","protected":false},"excerpt":{"rendered":"<p>El elenco \u201cblanquiazul\u201d tuvo una mala campa\u00f1a y decidi\u00f3 prescindir de los servicios del entrenador alem\u00e1n Bernrd Schuster. Ahora, el principal objetivo de la dirigencia es convencer al \u201cTata\u201d, quien no seguir\u00eda en Barcelona. En el club militan los argentinos Wilfredo Caballero, Marcos Angeleri, Fernando Tissone, Pablo P\u00e9rez (ex Newell\u00b4s) y Ezequiel Rescaldani. &nbsp; La [&hellip;]<\/p>\n","protected":false},"author":1,"featured_media":11610,"comment_status":"open","ping_status":"open","sticky":false,"template":"","format":"standard","meta":{"_seopress_robots_primary_cat":"","_seopress_titles_title":"","_seopress_titles_desc":"","_seopress_robots_index":"","footnotes":""},"categories":[2,18],"tags":[1416,222],"class_list":["post-13970","post","type-post","status-publish","format-standard","has-post-thumbnail","hentry","category-futbol","category-futbol-internacional","tag-malaga","tag-tata-martino"],"_links":{"self":[{"href":"https:\/\/www.cordobatimes.com\/deportes\/wp-json\/wp\/v2\/posts\/13970","targetHints":{"allow":["GET"]}}],"collection":[{"href":"https:\/\/www.cordobatimes.com\/deportes\/wp-json\/wp\/v2\/posts"}],"about":[{"href":"https:\/\/www.cordobatimes.com\/deportes\/wp-json\/wp\/v2\/types\/post"}],"author":[{"embeddable":true,"href":"https:\/\/www.cordobatimes.com\/deportes\/wp-json\/wp\/v2\/users\/1"}],"replies":[{"embeddable":true,"href":"https:\/\/www.cordobatimes.com\/deportes\/wp-json\/wp\/v2\/comments?post=13970"}],"version-history":[{"count":0,"href":"https:\/\/www.cordobatimes.com\/deportes\/wp-json\/wp\/v2\/posts\/13970\/revisions"}],"wp:featuredmedia":[{"embeddable":true,"href":"https:\/\/www.cordobatimes.com\/deportes\/wp-json\/wp\/v2\/media\/11610"}],"wp:attachment":[{"href":"https:\/\/www.cordobatimes.com\/deportes\/wp-json\/wp\/v2\/media?parent=13970"}],"wp:term":[{"taxonomy":"category","embeddable":true,"href":"https:\/\/www.cordobatimes.com\/deportes\/wp-json\/wp\/v2\/categories?post=13970"},{"taxonomy":"post_tag","embeddable":true,"href":"https:\/\/www.cordobatimes.com\/deportes\/wp-json\/wp\/v2\/tags?post=13970"}],"curies":[{"name":"wp","href":"https:\/\/api.w.org\/{rel}","templated":true}]}}