{"id":13897,"date":"2014-05-13T18:22:07","date_gmt":"2014-05-13T21:22:07","guid":{"rendered":"http:\/\/www.cordobatimes.com\/deportes\/?p=13897"},"modified":"2014-05-13T21:39:41","modified_gmt":"2014-05-14T00:39:41","slug":"aqui-estan-estos-son-los-30-de-sabella","status":"publish","type":"post","link":"https:\/\/www.cordobatimes.com\/deportes\/futbol\/2014\/05\/13\/aqui-estan-estos-son-los-30-de-sabella\/","title":{"rendered":"Aqu\u00ed est\u00e1n&#8230;estos son, los 30 de Sabella"},"content":{"rendered":"<p style=\"text-align: justify;\"><a href=\"http:\/\/www.cordobatimes.com\/deportes\/wp-content\/uploads\/2014\/05\/foto-selcci\u00f3n.jpg\"><img loading=\"lazy\" decoding=\"async\" class=\"alignnone size-full wp-image-13906\" alt=\"foto selcci\u00f3n\" src=\"http:\/\/www.cordobatimes.com\/deportes\/wp-content\/uploads\/2014\/05\/foto-selcci\u00f3n.jpg\" width=\"1300\" height=\"731\" data-id=\"13906\" srcset=\"https:\/\/www.cordobatimes.com\/deportes\/wp-content\/uploads\/2014\/05\/foto-selcci\u00f3n.jpg 1300w, https:\/\/www.cordobatimes.com\/deportes\/wp-content\/uploads\/2014\/05\/foto-selcci\u00f3n-300x168.jpg 300w, https:\/\/www.cordobatimes.com\/deportes\/wp-content\/uploads\/2014\/05\/foto-selcci\u00f3n-1024x575.jpg 1024w\" sizes=\"auto, (max-width: 1300px) 100vw, 1300px\" \/><\/a><\/p>\n<h3 style=\"text-align: justify;\">El encargado de dar a conocer la lista fue Cherquis Bialo, vocero de la AFA, acompa\u00f1ado por el t\u00e9cnico de la selecci\u00f3n Argentina, Alejandro Sabella.<\/h3>\n<p style=\"text-align: justify;\">\n<p style=\"text-align: justify;\">Al finalizar la n\u00f3mina Sabella dijo lo siguiente:&#8221;Me ha tocado una decisi\u00f3n dif\u00edcil, no es f\u00e1cil tener que escoger. Vamos en busca del tercer campeonato de Argentina. Les pido que est\u00e9n tranquilos que vamos a dar lo mejor y que nos ayuden&#8221;.<\/p>\n<p style=\"text-align: justify;\">Por otra parte se disculp\u00f3 con los jugadores no convocados y pidi\u00f3 el apoyo de la gente. &#8220;Estamos todos en el mismo barco con diferentes responsabilidades&#8221; , concluy\u00f3.<\/p>\n<p style=\"text-align: justify;\">S\u00f3lo 23 de estos jugadores preconvocados tendr\u00e1n el pase asegurado al mundial de Brasil 2014, la ilusi\u00f3n y el sue\u00f1o \u00a0 de estar en una copa del mundo penetra a cada uno. S\u00f3lo una semana tienen por delante para convencer al cuerpo t\u00e9cnico y asegurar su lugar. El pr\u00f3ximo martes 20 de mayo se dar\u00e1 la lista definitiva de los 23 representantes del seleccionado Argentino.<\/p>\n<p style=\"text-align: justify;\"><strong>LOS 30 CONVOCADOS\u00a0<\/strong><\/p>\n<p style=\"text-align: justify;\"><strong>Arqueros:<\/strong> Sergio Romero, Mariano And\u00fajar, Agust\u00edn Orion.<\/p>\n<p style=\"text-align: justify;\"><strong>Defensores:<\/strong> Ezequiel Garay, Federico Fern\u00e1ndez, Pablo Zabaleta, Marcos Rojo, Jos\u00e9 Mar\u00eda Basanta, Hugo Campagaro, Nicol\u00e1s Otamendi, Mart\u00edn Demichelis, Gabriel Mercado, Lisandro L\u00f3pez.<\/p>\n<p style=\"text-align: justify;\"><strong>Mediocampistas<\/strong>: Fernando Gago, Lucas Biglia, Javier Mascherano, Ever Banega, Angel Di Mar\u00eda, Maximiliano Rodr\u00edguez, Ricardo Alvarez, Augusto Fern\u00e1ndez, Enzo P\u00e9rez, Jos\u00e9 Sosa y Fabi\u00e1n Rinaudo.<\/p>\n<p style=\"text-align: justify;\"><strong>Delanteros:<\/strong> Sergio Ag\u00fcero, Lionel Messi, Gonzalo Higua\u00edn, Ezequiel Lavezzi, Rodrigo Palacio, Franco Di Santo.<\/p>\n<p style=\"text-align: justify;\">\n<h6 style=\"text-align: justify;\">Foto:tn.com.ar<\/h6>\n<p>&nbsp;<\/p>\n","protected":false},"excerpt":{"rendered":"<p>El encargado de dar a conocer la lista fue Cherquis Bialo, vocero de la AFA, acompa\u00f1ado por el t\u00e9cnico de la selecci\u00f3n Argentina, Alejandro Sabella. Al finalizar la n\u00f3mina Sabella dijo lo siguiente:&#8221;Me ha tocado una decisi\u00f3n dif\u00edcil, no es f\u00e1cil tener que escoger. Vamos en busca del tercer campeonato de Argentina. Les pido que [&hellip;]<\/p>\n","protected":false},"author":6,"featured_media":13906,"comment_status":"open","ping_status":"open","sticky":false,"template":"","format":"standard","meta":{"_seopress_robots_primary_cat":"","_seopress_titles_title":"","_seopress_titles_desc":"","_seopress_robots_index":"","footnotes":""},"categories":[2,22],"tags":[1954,476,2913,2905,542],"class_list":["post-13897","post","type-post","status-publish","format-standard","has-post-thumbnail","hentry","category-futbol","category-mundial-brasil-2014","tag-alejandro-sabella","tag-brasil-2014","tag-los-30-convocados-de-sabella","tag-mundial-de-brasil-2014","tag-seleccion-argentina"],"_links":{"self":[{"href":"https:\/\/www.cordobatimes.com\/deportes\/wp-json\/wp\/v2\/posts\/13897","targetHints":{"allow":["GET"]}}],"collection":[{"href":"https:\/\/www.cordobatimes.com\/deportes\/wp-json\/wp\/v2\/posts"}],"about":[{"href":"https:\/\/www.cordobatimes.com\/deportes\/wp-json\/wp\/v2\/types\/post"}],"author":[{"embeddable":true,"href":"https:\/\/www.cordobatimes.com\/deportes\/wp-json\/wp\/v2\/users\/6"}],"replies":[{"embeddable":true,"href":"https:\/\/www.cordobatimes.com\/deportes\/wp-json\/wp\/v2\/comments?post=13897"}],"version-history":[{"count":0,"href":"https:\/\/www.cordobatimes.com\/deportes\/wp-json\/wp\/v2\/posts\/13897\/revisions"}],"wp:featuredmedia":[{"embeddable":true,"href":"https:\/\/www.cordobatimes.com\/deportes\/wp-json\/wp\/v2\/media\/13906"}],"wp:attachment":[{"href":"https:\/\/www.cordobatimes.com\/deportes\/wp-json\/wp\/v2\/media?parent=13897"}],"wp:term":[{"taxonomy":"category","embeddable":true,"href":"https:\/\/www.cordobatimes.com\/deportes\/wp-json\/wp\/v2\/categories?post=13897"},{"taxonomy":"post_tag","embeddable":true,"href":"https:\/\/www.cordobatimes.com\/deportes\/wp-json\/wp\/v2\/tags?post=13897"}],"curies":[{"name":"wp","href":"https:\/\/api.w.org\/{rel}","templated":true}]}}