{"id":13880,"date":"2014-05-13T16:32:07","date_gmt":"2014-05-13T19:32:07","guid":{"rendered":"http:\/\/www.cordobatimes.com\/deportes\/?p=13880"},"modified":"2014-05-13T16:32:07","modified_gmt":"2014-05-13T19:32:07","slug":"varios-europeos-ya-tienen-sus-listas-mundialistas","status":"publish","type":"post","link":"https:\/\/www.cordobatimes.com\/deportes\/futbol\/2014\/05\/13\/varios-europeos-ya-tienen-sus-listas-mundialistas\/","title":{"rendered":"Varios europeos ya tienen sus listas mundialistas"},"content":{"rendered":"<h3 style=\"text-align: justify;\"><a href=\"http:\/\/www.cordobatimes.com\/deportes\/wp-content\/uploads\/2014\/05\/espa\u00f1a-mundial.jpg\"><img loading=\"lazy\" decoding=\"async\" class=\"aligncenter  wp-image-13881\" alt=\"espa\u00f1a mundial\" src=\"http:\/\/www.cordobatimes.com\/deportes\/wp-content\/uploads\/2014\/05\/espa\u00f1a-mundial.jpg\" width=\"640\" height=\"450\" data-id=\"13881\" \/><\/a><\/h3>\n<h3 style=\"text-align: justify;\"><strong>En la jornada del martes, los entrenadores de Portugal, Italia, Suiza, Espa\u00f1a y B\u00e9lgica entregaron una lista provisoria de futbolistas que representar\u00e1n a sus selecciones en la Copa del Mundo de Brasil 2014.\u00a0<\/strong><\/h3>\n<p>&nbsp;<\/p>\n<p style=\"text-align: justify;\"><strong>PORTUGAL<\/strong> &#8211;\u00a0Paulo Bento present\u00f3 a los 30 preseleccionados para ir a la Copa del Mundo. El pr\u00f3ximo lunes definir\u00e1 a los 23.<\/p>\n<p style=\"text-align: justify;\">Portugal\u00a0defini\u00f3 su lista de 30 preseleccionados para el Mundial de Brasil 2014. La estrella, por supuesto, es\u00a0Cristiano Ronaldo, quien compartir\u00e1 el plantel de su Selecci\u00f3n junto con sus otros de sus compa\u00f1eros en el Real Madrid: Pepe y Fabio Coentrao. Ricardo Quaresma, que volvi\u00f3 a Porto e hizo fuerza para estar, tambi\u00e9n fue elegido.<\/p>\n<p style=\"text-align: justify;\"><strong>Lista:<\/strong><\/p>\n<p style=\"text-align: justify;\"><strong>Arqueros:<\/strong>\u00a0Anthony Lopes (Lyon), Beto (Sevilla), Eduardo (Braga), Rui Patricio (Sporting Lisboa).<\/p>\n<p style=\"text-align: justify;\"><strong>Defensores:<\/strong>\u00a0Andre Almeida (Benfica), Antunes (M\u00e1laga), Bruno Alves (Fenerbahce),\u00a0Fabio Coentr\u00e3o (Real Madrid),\u00a0Jo\u00e3o Pereira (Valencia), Neto (Zenit), Pepe (Real Madrid), Ricardo Costa (Valencia), Rolando (Inter).<\/p>\n<p style=\"text-align: justify;\"><strong>Volantes<\/strong>: Andre Gomes (Benfica),\u00a0Jo\u00e3o Mario (Vitoria), Jo\u00e3o Moutinho (Monaco), Miguel Veloso (Dynamo Kiev), Raul Meireles (Fenerbahce), Ruben Amorim (Benfica), William Carvalho (Sporting Lisbon).<\/p>\n<p style=\"text-align: justify;\"><strong>Delanteros<\/strong>: Cristiano Ronaldo (Real Madrid), Eder (Braga), Helder Postiga (Lazio), Hugo Almeida (Besiktas), Ivan Cavaleiro (Benfica), Nani (Manchester United), Rafa (Braga), Quaresma (Porto), Varela (Porto), Vieirinha (Wolfsburg).<\/p>\n<p style=\"text-align: justify;\"><strong>ITALIA<\/strong> &#8211;\u00a0Cesare Prandelli dio a conocer la lista previa de la Azzurra para el Mundial. No est\u00e1 Daniel Osvaldo pero s\u00ed Gabriel Paletta.<\/p>\n<p style=\"text-align: justify;\">Cesare Prandelli\u00a0dio a conocer la lista de los 30 preseleccionados de\u00a0Italia\u00a0para el\u00a0Mundial. Entre los convocados, se destaca la presencia de\u00a0Mario Balotelli\u00a0(Milan) y de\u00a0Ciro Immobile, el delantero de\u00a0Torino\u00a0goleador de la Serie A. Tambi\u00e9n fue citado\u00a0Gabriel Paletta. El ex-Boca y Banfield, que hoy juega en\u00a0Parma, tiene grandes chances de estar entre los 23. El que no fue incluido en la lista fue\u00a0Daniel Osvaldo, que el domingo moj\u00f3 para Juventus ante Roma.<\/p>\n<p style=\"text-align: justify;\"><strong>La lista:<\/strong><\/p>\n<p style=\"text-align: justify;\"><strong><\/strong><strong>Arqueros:<\/strong>\u00a0Buffon (Juventus), Perin (Genoa), Sirigu (Paris SG)<\/p>\n<p style=\"text-align: justify;\"><strong>Defensores:<\/strong>\u00a0Abate (Milan), Barzagli (Juventus), Bonucci (Juventus), Chiellini (Juventus), Darmian (Torino), De Sciglio (Milan), Maggio (Napoli), Paletta (Parma), Pasqual (Fiorentina), Ranocchia (Inter), Romulo (Verona)<\/p>\n<p style=\"text-align: justify;\"><strong>Volantes:<\/strong>\u00a0Aquilani (Fiorentina), Candreva (Lazio), De Rossi (Roma), Marchisio (Juventus), Montolivo (Milan), Parolo (Parma), Pirlo (Juventus), Thiago Motta (Paris SG), Verratti (Paris SG)<\/p>\n<p style=\"text-align: justify;\"><strong>Delanteros:<\/strong>\u00a0Balotelli (Milan), Cassano (Parma), Cerci (Torino), Destro (Roma), Immobile (Torino), Insigne (Napoli), Rossi (Fiorentina).<\/p>\n<p style=\"text-align: justify;\"><strong>ESPA\u00d1A<\/strong> &#8211;\u00a0Con algunas novdades y la firme intenci\u00f3n de revalidar su t\u00edtulo, Vicente del Bosque present\u00f3 su lista de 30 preseleccionados para la Copa del Mundo.<\/p>\n<p style=\"text-align: justify;\">En la ma\u00f1ana de hoy,\u00a0Vicente Del Bosque, entrenador de la Selecci\u00f3n espa\u00f1ola, entreg\u00f3 el listado de 30 jugadores convocados para la preselecci\u00f3n de la &#8216;Roja&#8217;, vigente campeona del Mundo. El grupo, que no tiene demasiadas sorpresas,\u00a0m\u00e1s all\u00e1 de la ausencia de\u00a0\u00c1lvaro Arbeloa, contar\u00e1 con la presencia de Thiago Alc\u00e1ntara, quien parece recuperado de su lesi\u00f3n.<\/p>\n<p style=\"text-align: justify;\">De ese grupo de 30,\u00a0Del Bosque elegir\u00e1 a 23, quienes ser\u00e1n finalmente los encargados de representar al pa\u00eds ib\u00e9rico en Brasil, donde los espa\u00f1oles tendr\u00e1n un grupo dif\u00edcil en el que tambi\u00e9n participar\u00e1n Chile, Holanda y Australia.<\/p>\n<p style=\"text-align: justify;\">De otro lado,\u00a0tambi\u00e9n se destaca la presencia de jugadores como Alberto Moreno, Iturraspe y Dani Carvajal, adem\u00e1s del volante de Atl\u00e9tico de Madrid, Koke, quien viene realizando una gran tarea con el equipo del &#8216;Cholo&#8217; Simeone y ya estaba en la cabeza del organizador t\u00e1ctico espa\u00f1ol desde hace alg\u00fan tiempo.<\/p>\n<p style=\"text-align: justify;\"><strong>Lista:<\/strong><\/p>\n<p style=\"text-align: justify;\"><strong>Arqueros<\/strong>: Iker Casillas (Real Madrid), Pepe Reina (N\u00e1poles\/ITA), David de Gea (Manchester United\/ING)<\/p>\n<p style=\"text-align: justify;\"><strong>Defensores<\/strong>: Dani Carvajal y Sergio Ramos (ambos del Real Madrid), Gerard Piqu\u00e9 y Jordi Alba (ambos del Barcelona), C\u00e9sar Azplicueta (Chelsea\/ING), Juanfran (Atl\u00e9tico de Madrid), Javi Mart\u00ednez (Bayern M\u00fanich\/ALE), Ra\u00fal Albiol (N\u00e1poles\/ITA), Alberto Moreno (Sevilla)<\/p>\n<p style=\"text-align: justify;\"><strong>Volantes<\/strong>: Sergio Busquets, Xavi Hern\u00e1ndez, Andr\u00e9s Iniesta y Cesc F\u00e1bregas (todos del Barcelona), Xabi Alonso (Real Madrid), Ander Iturraspe (Athletic Bilbao), David Silva (Manchester City\/ING), Santi Cazorla (Arsenal\/ING), Koke (Atl\u00e9tico Madrid), Tiago Alc\u00e1ntara (Bayern M\u00fanich\/ALE), Juan Mata (Manchester United\/ING)<\/p>\n<p style=\"text-align: justify;\"><strong>Delanteros<\/strong>: Diego Costa, David Villa (ambos del Atl\u00e9tico de Madrid), Alvaro Negredo y Jes\u00fas Navas (ambos del Manchester City\/ING), Pedro Rodr\u00edguez (Barcelona), Fernando Llorente (Juventus\/ITA), Fernando Torres (Chelsea\/ING).<\/p>\n<p style=\"text-align: justify;\"><strong>B\u00c9LGICA<\/strong> &#8211;\u00a0Los cabezas de serie del Grupo H \u2013enfrentar\u00e1n a Rusia, Corea del Sur y Argelia\u2013 cuentan con un gran plantel, encabezado por Eden Hazard, de Chelsea.<\/p>\n<p style=\"text-align: justify;\">El entrenador de\u00a0B\u00e9lgica,\u00a0Marc Wilmots, present\u00f3 una lista de 24 jugadores para el\u00a0Mundial\u00a0\u2013uno de los cuatro arqueros est\u00e1 lesionado y por lo tanto en duda\u2013, acompa\u00f1ada de seis futbolistas que quedaron en \u2018stand by\u2019, completando as\u00ed una n\u00f3mina de 30.<\/p>\n<p style=\"text-align: justify;\">Los belgas cuentan con un plantel muy interesante, encabezado por el Mago\u00a0Eden Hazard\u00a0y querr\u00e1n ser una de las gratas sorpresas del certamen, ya que\u00a0encabezan el accesible Grupo H, teniendo que enfrentar a Argelia, Corea del Sur y Rusia.<\/p>\n<p style=\"text-align: justify;\"><strong>Lista:<\/strong><\/p>\n<p style=\"text-align: justify;\"><strong><\/strong><strong>Arqueros:<\/strong>\u00a0Thibaut Courtois (Atl\u00e9tico de Madrid), Simon Mignolet (Liverpool), Silvio Proto (Anderlecht) y Koen Casteels* (Hoffenheim)<\/p>\n<p style=\"text-align: justify;\">*Casteels est\u00e1 lesionado. Si se recupera, el que quedar\u00e1 afuera ser\u00e1 Proto<\/p>\n<p style=\"text-align: justify;\"><strong>Defensores:<\/strong>\u00a0Toby Alderweireld (Atl\u00e9tico de Madrid), Anthony Vanden Borre (Anderlecht), Laurent Ciman (Standard Lieja), Vincent Kompany (Manchester City), Daniel Van Buyten (Bayern Munich), Thomas Vermaelen (Arsenal), Nicolas Lombaerts (Zenit) y Jan Vertonghen (Tottenham)<\/p>\n<p style=\"text-align: justify;\"><strong>Mediocampistas:<\/strong>\u00a0Axel Witsel (Zenit), Steven Defour (Porto), Marouane Fellaini (Manchester United), Moussa Demb\u00e9l\u00e9 (Tottenham), Nacer Chadli (Tottenham), Kevin De Bruyne (Wolfsburgo)<\/p>\n<p style=\"text-align: justify;\"><strong>Delanteros:<\/strong>\u00a0Romelu Lukaku (Everton), Divock Origi (Lille), Eden Hazard (Chelsea), Dries Mertens (Napoli), Kevin Mirallas (Everton) y Adnan Januzaj (Manchester United)<\/p>\n<p style=\"text-align: justify;\"><strong>Relevos:<\/strong>\u00a0Sebastien Pocognoli (Hannover), Radja Nainggolan (Roma), Jelle Van Damme (Standard Lieja), Thorgan Hazard (Zulte Waregem), Michy Batshuayi (Standard Lieja) y Guillaume Gillet (Anderlecht).<\/p>\n<p style=\"text-align: justify;\"><strong>FRANCIA<\/strong> &#8211;\u00a0Deschamps dio la n\u00f3mina de los 30 jugadores que van a luchar por un lugar en Brasil 2014. La gran sorpresa fue la ausencia de Samir Nasri.<\/p>\n<p style=\"text-align: justify;\">Este martes, el DT de la selecci\u00f3n francesa, Didier Deschamps, dio a conocer la lista de 30 jugadores que podr\u00edan estar en Brasil 2014 con una gran ausencia que sorprendi\u00f3 a todos: el volante Samir Nasri, quien se consagr\u00f3 campe\u00f3n el fin de semana de la Premier League con el Manchester City.<\/p>\n<p style=\"text-align: justify;\"><strong>Lista:<\/strong><\/p>\n<p style=\"text-align: justify;\"><strong>Arqueros<\/strong>: Hugo Lloris (Tottenham\/ENG), Steve Mandanda (Olympic Marsella\/FRA) y St\u00e9phane Ruffier (AS Saint-\u00c9tienne\/FRA).<\/p>\n<p style=\"text-align: justify;\"><strong>Defensores<\/strong>: Rapha\u00ebl Varane (Real Madrid\/ESP), Mamadou Sakho (Liverpool\/ENG), Mathieu Debuchy (Newcastle United\/ENG), Laurent Koscielny (Arsenal\/ENG), Lucas Digne (Par\u00eds Saint-Germain\/FRA), Eliaquim Mangala (FC Porto\/POR), Bacary Sagna (Arsenal\/ENG) y Patrice Evra (Machester United\/ENG).<\/p>\n<p style=\"text-align: justify;\"><strong>Mediocampistas<\/strong>: Yohan Cabaye (Par\u00eds Saint-Germain\/FRA), Paul Pogba (Juventus\/ITA), Blaise Matuidi (Par\u00eds Saint-Germain\/FRA), Cl\u00e9ment Grenier (Lyon\/FRA), Maxime Gonalons (Lyon\/FRA) y Rio Mavuba (Lille\/FRA).<\/p>\n<p style=\"text-align: justify;\"><strong>Delanteros<\/strong>: Karim Benzema (Real Madrid\/ESP), Franck Rib\u00e9ry (Bayern Munich\/ALE), Antoine Griezmann (Real Sociedad\/ESP), Olivier Giroud (Arsenal\/ENG), Mathieu Valbuena (Olympique de Marsella\/FRA) y Alexandre Lacazette (Lyon\/FRA).<\/p>\n<p style=\"text-align: justify;\"><strong>SUIZA &#8211;\u00a0<\/strong>Ottmar Hitzfeld present\u00f3 la lista de 23 convocados y 7 reservas, de cara al pr\u00f3ximo Mundial.<\/p>\n<p style=\"text-align: justify;\">Uno de los cabeza de serie del pr\u00f3ximo Mundial,\u00a0Suiza, dio a conocer este martes la lista de 23 jugadores que estar\u00e1n en Brasil, as\u00ed como 7 m\u00e1s que ser\u00e1n reservas\u00a0en caso de que alg\u00fan evento extraordinario ocurra con cualquiera de ellos.<\/p>\n<p style=\"text-align: justify;\">Sin muchas sorpresas, el t\u00e9cnico\u00a0Ottmar Hitzfeld\u00a0entreg\u00f3 una lista donde se resaltan nombres como el del experimentado defensor\u00a0Philipe Senderos y el delantero de Real Sociedad, Haris Seferovic.\u00a0 Los suizos har\u00e1n parte del Grupo E, de la Copa del Mundo, donde enfrentar\u00e1n a Ecuador, Francia y Honduras, arrancando su participaci\u00f3n en Brasilia, el 15 de junio, ante Ecuador.<\/p>\n<p style=\"text-align: justify;\"><strong>Arqueros:<\/strong><\/p>\n<p style=\"text-align: justify;\">Diego Benaglio (VfL Wolfsburgo)<\/p>\n<p style=\"text-align: justify;\">Yann Sommer (FC Basilea)<\/p>\n<p style=\"text-align: justify;\">Roman Buerki (Grasshoppers).<\/p>\n<p style=\"text-align: justify;\"><strong>Defensas:<\/strong><\/p>\n<p style=\"text-align: justify;\">Johan Djourou (Hamburgo SV)<\/p>\n<p style=\"text-align: justify;\">Michael Lang (Grasshoppers)<\/p>\n<p style=\"text-align: justify;\">Stephan Lichtsteiner (Juventus)<\/p>\n<p style=\"text-align: justify;\">Ricardo Rodriguez (VfL Wolfsburgo)<\/p>\n<p style=\"text-align: justify;\">Fabian Schaer (FC Basilea)<\/p>\n<p style=\"text-align: justify;\">Philippe Senderos (Valencia)<\/p>\n<p style=\"text-align: justify;\">Steve von Bergen (Young Boys)<\/p>\n<p style=\"text-align: justify;\">Reto Ziegler (Sassuolo)<\/p>\n<p style=\"text-align: justify;\"><strong>Volantes:<\/strong><\/p>\n<p style=\"text-align: justify;\">Tranquillo Barnetta (Eintracht Frankfurt)<\/p>\n<p style=\"text-align: justify;\">Valon Behrami (Napoli)<\/p>\n<p style=\"text-align: justify;\">Blerim Dzemaili (Napoli)<\/p>\n<p style=\"text-align: justify;\">Gelson Fernandes (Friburgo)<\/p>\n<p style=\"text-align: justify;\">Gokhan Inler (Napoli)<\/p>\n<p style=\"text-align: justify;\">Xherdan Shaqiri (Bayern Munich)<\/p>\n<p style=\"text-align: justify;\">Valentin Stocker (FC Basilea)<\/p>\n<p style=\"text-align: justify;\">Granit Xhaka (Borussia Moenchengladbach)<\/p>\n<p style=\"text-align: justify;\"><strong>Delanteros:<\/strong><\/p>\n<p style=\"text-align: justify;\">Josip Drmic (Nuremberg)<\/p>\n<p style=\"text-align: justify;\">Mario Gavranovic (FC Zurich)<\/p>\n<p style=\"text-align: justify;\">Haris Seferovic (Real Socieded)<\/p>\n<p style=\"text-align: justify;\">Admir Mehmedi (Friburgo)<\/p>\n<p style=\"text-align: justify;\"><strong>Reservas:<\/strong><\/p>\n<p style=\"text-align: justify;\">Marwin Hitz (Augsburgo)<\/p>\n<p style=\"text-align: justify;\">Timm Klose (VfL Wolfsburgo)<\/p>\n<p style=\"text-align: justify;\">Silvan Widmar (Udinese)<\/p>\n<p style=\"text-align: justify;\">Eren Derdiyok (Bayer Leverkusen)<\/p>\n<p style=\"text-align: justify;\">Fabian Frei (FC Basilea)<\/p>\n<p style=\"text-align: justify;\">Pajtim Kasami (Fulham)<\/p>\n<p style=\"text-align: justify;\">Pirmin Schwegler (Eintracht Frankfurt)<\/p>\n<p style=\"text-align: justify;\">Fuente: Goal<\/p>\n","protected":false},"excerpt":{"rendered":"<p>En la jornada del martes, los entrenadores de Portugal, Italia, Suiza, Espa\u00f1a y B\u00e9lgica entregaron una lista provisoria de futbolistas que representar\u00e1n a sus selecciones en la Copa del Mundo de Brasil 2014.\u00a0 &nbsp; PORTUGAL &#8211;\u00a0Paulo Bento present\u00f3 a los 30 preseleccionados para ir a la Copa del Mundo. El pr\u00f3ximo lunes definir\u00e1 a los [&hellip;]<\/p>\n","protected":false},"author":10,"featured_media":13881,"comment_status":"open","ping_status":"open","sticky":false,"template":"","format":"standard","meta":{"_seopress_robots_primary_cat":"","_seopress_titles_title":"","_seopress_titles_desc":"","_seopress_robots_index":"","footnotes":""},"categories":[2,18,22],"tags":[1400,185,301,366,533,2907,571,2908,588,1289],"class_list":{"0":"post-13880","1":"post","2":"type-post","3":"status-publish","4":"format-standard","5":"has-post-thumbnail","6":"hentry","7":"category-futbol","8":"category-futbol-internacional","9":"category-mundial-brasil-2014","10":"tag-belgica","11":"tag-cristiano-ronaldo","13":"tag-francia","14":"tag-italia","15":"tag-listas-de-convocados","16":"tag-mundial-brasil-2014-2","17":"tag-nasri","18":"tag-portugal","19":"tag-suiza"},"_links":{"self":[{"href":"https:\/\/www.cordobatimes.com\/deportes\/wp-json\/wp\/v2\/posts\/13880","targetHints":{"allow":["GET"]}}],"collection":[{"href":"https:\/\/www.cordobatimes.com\/deportes\/wp-json\/wp\/v2\/posts"}],"about":[{"href":"https:\/\/www.cordobatimes.com\/deportes\/wp-json\/wp\/v2\/types\/post"}],"author":[{"embeddable":true,"href":"https:\/\/www.cordobatimes.com\/deportes\/wp-json\/wp\/v2\/users\/10"}],"replies":[{"embeddable":true,"href":"https:\/\/www.cordobatimes.com\/deportes\/wp-json\/wp\/v2\/comments?post=13880"}],"version-history":[{"count":0,"href":"https:\/\/www.cordobatimes.com\/deportes\/wp-json\/wp\/v2\/posts\/13880\/revisions"}],"wp:featuredmedia":[{"embeddable":true,"href":"https:\/\/www.cordobatimes.com\/deportes\/wp-json\/wp\/v2\/media\/13881"}],"wp:attachment":[{"href":"https:\/\/www.cordobatimes.com\/deportes\/wp-json\/wp\/v2\/media?parent=13880"}],"wp:term":[{"taxonomy":"category","embeddable":true,"href":"https:\/\/www.cordobatimes.com\/deportes\/wp-json\/wp\/v2\/categories?post=13880"},{"taxonomy":"post_tag","embeddable":true,"href":"https:\/\/www.cordobatimes.com\/deportes\/wp-json\/wp\/v2\/tags?post=13880"}],"curies":[{"name":"wp","href":"https:\/\/api.w.org\/{rel}","templated":true}]}}