{"id":13855,"date":"2014-05-12T18:01:46","date_gmt":"2014-05-12T21:01:46","guid":{"rendered":"http:\/\/www.cordobatimes.com\/deportes\/?p=13855"},"modified":"2014-05-12T18:01:46","modified_gmt":"2014-05-12T21:01:46","slug":"super-tc2000-se-presenta-la-competencia-de-rosario","status":"publish","type":"post","link":"https:\/\/www.cordobatimes.com\/deportes\/automovilismo\/2014\/05\/12\/super-tc2000-se-presenta-la-competencia-de-rosario\/","title":{"rendered":"S\u00faper TC2000: Se presenta la competencia de Rosario"},"content":{"rendered":"<h3 style=\"text-align: justify;\"><a href=\"http:\/\/www.cordobatimes.com\/deportes\/wp-content\/uploads\/2014\/05\/rosario.jpg\"><img loading=\"lazy\" decoding=\"async\" class=\"alignnone size-full wp-image-13856\" alt=\"rosario\" src=\"http:\/\/www.cordobatimes.com\/deportes\/wp-content\/uploads\/2014\/05\/rosario.jpg\" width=\"1600\" height=\"1066\" data-id=\"13856\" srcset=\"https:\/\/www.cordobatimes.com\/deportes\/wp-content\/uploads\/2014\/05\/rosario.jpg 1600w, https:\/\/www.cordobatimes.com\/deportes\/wp-content\/uploads\/2014\/05\/rosario-300x199.jpg 300w, https:\/\/www.cordobatimes.com\/deportes\/wp-content\/uploads\/2014\/05\/rosario-1024x682.jpg 1024w\" sizes=\"auto, (max-width: 1600px) 100vw, 1600px\" \/><\/a><\/h3>\n<h3 style=\"text-align: justify;\">El pr\u00f3ximo mi\u00e9rcoles 14 de Mayo, a las 12:00 horas se realizar\u00e1 la presentaci\u00f3n de la cuarta fecha de la temporada 2014 de S\u00faper TC2000 que se disputar\u00e1 entre el 24 y 25 del corriente en el aut\u00f3dromo Juan Manuel Fangio de Rosario, provincia de Santa Fe.<\/h3>\n<p>&nbsp;<\/p>\n<p style=\"text-align: justify;\">El lanzamiento ser\u00e1 en el palacio municipal de Rosario, donde estar\u00e1n la intendente M\u00f3nica Fein, los pilotos de S\u00faper TC2000 Facundo Ardusso (Fiat Petronas), Fabi\u00e1n Yannantuoni (Renault LoJack Team) y N\u00e9stor Girolami (Peugeot LoJack Team) y el piloto de F\u00f3rmula Renault 2.0 Guillermo Rey (Litoral Group).<\/p>\n<p style=\"text-align: justify;\">En el encuentro, se brindar\u00e1 todos los detalles de la competencia.<\/p>\n","protected":false},"excerpt":{"rendered":"<p>El pr\u00f3ximo mi\u00e9rcoles 14 de Mayo, a las 12:00 horas se realizar\u00e1 la presentaci\u00f3n de la cuarta fecha de la temporada 2014 de S\u00faper TC2000 que se disputar\u00e1 entre el 24 y 25 del corriente en el aut\u00f3dromo Juan Manuel Fangio de Rosario, provincia de Santa Fe. &nbsp; El lanzamiento ser\u00e1 en el palacio municipal [&hellip;]<\/p>\n","protected":false},"author":6,"featured_media":13856,"comment_status":"open","ping_status":"open","sticky":false,"template":"","format":"standard","meta":{"_seopress_robots_primary_cat":"","_seopress_titles_title":"","_seopress_titles_desc":"","_seopress_robots_index":"","footnotes":""},"categories":[1,10],"tags":[2904,521],"class_list":["post-13855","post","type-post","status-publish","format-standard","has-post-thumbnail","hentry","category-automovilismo","category-super-tc-2000","tag-autodromo-de-rosario","tag-super-tc2000"],"_links":{"self":[{"href":"https:\/\/www.cordobatimes.com\/deportes\/wp-json\/wp\/v2\/posts\/13855","targetHints":{"allow":["GET"]}}],"collection":[{"href":"https:\/\/www.cordobatimes.com\/deportes\/wp-json\/wp\/v2\/posts"}],"about":[{"href":"https:\/\/www.cordobatimes.com\/deportes\/wp-json\/wp\/v2\/types\/post"}],"author":[{"embeddable":true,"href":"https:\/\/www.cordobatimes.com\/deportes\/wp-json\/wp\/v2\/users\/6"}],"replies":[{"embeddable":true,"href":"https:\/\/www.cordobatimes.com\/deportes\/wp-json\/wp\/v2\/comments?post=13855"}],"version-history":[{"count":0,"href":"https:\/\/www.cordobatimes.com\/deportes\/wp-json\/wp\/v2\/posts\/13855\/revisions"}],"wp:featuredmedia":[{"embeddable":true,"href":"https:\/\/www.cordobatimes.com\/deportes\/wp-json\/wp\/v2\/media\/13856"}],"wp:attachment":[{"href":"https:\/\/www.cordobatimes.com\/deportes\/wp-json\/wp\/v2\/media?parent=13855"}],"wp:term":[{"taxonomy":"category","embeddable":true,"href":"https:\/\/www.cordobatimes.com\/deportes\/wp-json\/wp\/v2\/categories?post=13855"},{"taxonomy":"post_tag","embeddable":true,"href":"https:\/\/www.cordobatimes.com\/deportes\/wp-json\/wp\/v2\/tags?post=13855"}],"curies":[{"name":"wp","href":"https:\/\/api.w.org\/{rel}","templated":true}]}}