{"id":13815,"date":"2014-05-11T21:14:16","date_gmt":"2014-05-12T00:14:16","guid":{"rendered":"http:\/\/www.cordobatimes.com\/deportes\/?p=13815"},"modified":"2014-05-11T21:14:16","modified_gmt":"2014-05-12T00:14:16","slug":"los-pumas-7s-se-despidieron-con-las-manos-vacias","status":"publish","type":"post","link":"https:\/\/www.cordobatimes.com\/deportes\/polideportivo\/2014\/05\/11\/los-pumas-7s-se-despidieron-con-las-manos-vacias\/","title":{"rendered":"Los Pumas 7&#8217;s se despidieron con las manos vac\u00edas"},"content":{"rendered":"<h3 style=\"text-align: justify;\"><a href=\"http:\/\/www.cordobatimes.com\/deportes\/wp-content\/uploads\/2014\/05\/rugby-7.jpg\"><img loading=\"lazy\" decoding=\"async\" class=\"aligncenter  wp-image-13816\" alt=\"rugby 7\" src=\"http:\/\/www.cordobatimes.com\/deportes\/wp-content\/uploads\/2014\/05\/rugby-7.jpg\" width=\"640\" height=\"350\" data-id=\"13816\" \/><\/a><\/h3>\n<h3 style=\"text-align: justify;\"><strong>En Londres, el\u00a0seleccionado argentino\u00a0cay\u00f3\u00a031-19\u00a0ante\u00a0Canad\u00e1\u00a0en la final de la\u00a0Copa de Bronce\u00a0y, de esta manera, finaliz\u00f3 su\u00a0participaci\u00f3n\u00a0en una\u00a0nueva temporada\u00a0del\u00a0Circuito Mundial.<\/strong><\/h3>\n<p>&nbsp;<\/p>\n<p style=\"text-align: justify;\">Por los\u00a0<strong>cuartos de final<\/strong>\u00a0de la\u00a0Copa de Bronce, los\u00a0Pumas 7&#8217;s\u00a0vencieron a\u00a0Portugal\u00a0por\u00a031 a 0\u00a0gracias a los tries de\u00a0Ramiro Moyano, Diego Palma,\u00a0Felipe Nougu\u00e9s, Agust\u00edn Cort\u00e9s y\u00a0Lucas De Vicenzi. Adem\u00e1s,\u00a0Moyano\u00a0sum\u00f3 una conversi\u00f3n y\u00a0Guti\u00e9rrez Taboada\u00a0dos.<\/p>\n<p style=\"text-align: justify;\">Luego, en\u00a0<strong>semifinales<\/strong>, los dirigidos por\u00a0Santiago G\u00f3mez Cora\u00a0se impusieron\u00a021-14\u00a0sobre\u00a0Espa\u00f1a. Los\u00a0puntos argentinos\u00a0llegaron por las conquistas de\u00a0Franco S\u00e1bato\u00a0y\u00a0Diego Palma, sumadas a las tres conversiones de\u00a0Gonzalo Guti\u00e9rrez Taboada.<\/p>\n<p style=\"text-align: justify;\">Como sucedi\u00f3 en\u00a0Glasgow, el\u00a0combinado nacional\u00a0lleg\u00f3 a la <strong>final<\/strong> pero volvi\u00f3 a\u00a0tropezar. Esta vez el verdugo fue\u00a0Canad\u00e1, que se qued\u00f3 con el triunfo por\u00a031 a 19\u00a0y festej\u00f3 el\u00a0Bronce\u00a0en el\u00a0Seven\u00a0de\u00a0Londres, \u00faltima etapa del\u00a0Circuito Mundial.<\/p>\n<p style=\"text-align: justify;\">Fuente:\u00a0RugbyTime.com<\/p>\n","protected":false},"excerpt":{"rendered":"<p>En Londres, el\u00a0seleccionado argentino\u00a0cay\u00f3\u00a031-19\u00a0ante\u00a0Canad\u00e1\u00a0en la final de la\u00a0Copa de Bronce\u00a0y, de esta manera, finaliz\u00f3 su\u00a0participaci\u00f3n\u00a0en una\u00a0nueva temporada\u00a0del\u00a0Circuito Mundial. &nbsp; Por los\u00a0cuartos de final\u00a0de la\u00a0Copa de Bronce, los\u00a0Pumas 7&#8217;s\u00a0vencieron a\u00a0Portugal\u00a0por\u00a031 a 0\u00a0gracias a los tries de\u00a0Ramiro Moyano, Diego Palma,\u00a0Felipe Nougu\u00e9s, Agust\u00edn Cort\u00e9s y\u00a0Lucas De Vicenzi. Adem\u00e1s,\u00a0Moyano\u00a0sum\u00f3 una conversi\u00f3n y\u00a0Guti\u00e9rrez Taboada\u00a0dos. Luego, en\u00a0semifinales, los dirigidos por\u00a0Santiago G\u00f3mez [&hellip;]<\/p>\n","protected":false},"author":10,"featured_media":13816,"comment_status":"open","ping_status":"open","sticky":false,"template":"","format":"standard","meta":{"_seopress_robots_primary_cat":"","_seopress_titles_title":"","_seopress_titles_desc":"","_seopress_robots_index":"","footnotes":""},"categories":[6],"tags":[5562],"class_list":["post-13815","post","type-post","status-publish","format-standard","has-post-thumbnail","hentry","category-polideportivo","tag-rugby"],"_links":{"self":[{"href":"https:\/\/www.cordobatimes.com\/deportes\/wp-json\/wp\/v2\/posts\/13815","targetHints":{"allow":["GET"]}}],"collection":[{"href":"https:\/\/www.cordobatimes.com\/deportes\/wp-json\/wp\/v2\/posts"}],"about":[{"href":"https:\/\/www.cordobatimes.com\/deportes\/wp-json\/wp\/v2\/types\/post"}],"author":[{"embeddable":true,"href":"https:\/\/www.cordobatimes.com\/deportes\/wp-json\/wp\/v2\/users\/10"}],"replies":[{"embeddable":true,"href":"https:\/\/www.cordobatimes.com\/deportes\/wp-json\/wp\/v2\/comments?post=13815"}],"version-history":[{"count":0,"href":"https:\/\/www.cordobatimes.com\/deportes\/wp-json\/wp\/v2\/posts\/13815\/revisions"}],"wp:featuredmedia":[{"embeddable":true,"href":"https:\/\/www.cordobatimes.com\/deportes\/wp-json\/wp\/v2\/media\/13816"}],"wp:attachment":[{"href":"https:\/\/www.cordobatimes.com\/deportes\/wp-json\/wp\/v2\/media?parent=13815"}],"wp:term":[{"taxonomy":"category","embeddable":true,"href":"https:\/\/www.cordobatimes.com\/deportes\/wp-json\/wp\/v2\/categories?post=13815"},{"taxonomy":"post_tag","embeddable":true,"href":"https:\/\/www.cordobatimes.com\/deportes\/wp-json\/wp\/v2\/tags?post=13815"}],"curies":[{"name":"wp","href":"https:\/\/api.w.org\/{rel}","templated":true}]}}