{"id":13763,"date":"2014-05-11T19:20:52","date_gmt":"2014-05-11T22:20:52","guid":{"rendered":"http:\/\/www.cordobatimes.com\/deportes\/?p=13763"},"modified":"2014-05-11T19:25:28","modified_gmt":"2014-05-11T22:25:28","slug":"belgrano-y-arsenal-empataron-en-el-kempes-video","status":"publish","type":"post","link":"https:\/\/www.cordobatimes.com\/deportes\/futbol\/2014\/05\/11\/belgrano-y-arsenal-empataron-en-el-kempes-video\/","title":{"rendered":"Belgrano y Arsenal empataron en el Kempes (Video)"},"content":{"rendered":"<h3 style=\"text-align: justify;\"><a href=\"http:\/\/www.cordobatimes.com\/deportes\/wp-content\/uploads\/2014\/05\/belgrano-arse.jpg\"><img loading=\"lazy\" decoding=\"async\" class=\"aligncenter  wp-image-13797\" alt=\"belgrano arse\" src=\"http:\/\/www.cordobatimes.com\/deportes\/wp-content\/uploads\/2014\/05\/belgrano-arse.jpg\" width=\"640\" height=\"460\" data-id=\"13797\" \/><\/a><\/h3>\n<h3 style=\"text-align: justify;\"><strong>El Pirata igual\u00f3 0 a 0 con el conjunto de Sarand\u00ed y qued\u00f3 muy complicado para lograr la clasificaci\u00f3n a la Copa Sudamericana. Los de\u00a0Zielinski tuvieron m\u00e1s situaciones pero no pudieron aprovecharlas.\u00a0<\/strong><\/h3>\n<p>&nbsp;<\/p>\n<p style=\"text-align: justify;\">Por la fecha 18 del Torneo Final, Belgrano se jugaba en el Kempes una de las \u00faltimas chances para lograr la ansiada clasificaci\u00f3n a la Copa Sudamericana.<\/p>\n<p style=\"text-align: justify;\">Con este objetivo, el Pirata atac\u00f3 m\u00e1s que su rival y cre\u00f3 varias situaciones claras de gol, pero no pudo salir del cero ante un Arsenal, que tiene la mente puesta en la Copa Libertadores.<\/p>\n<p style=\"text-align: justify;\">Con este resultado, los de Zielinski llegaron al sexto empate en condici\u00f3n de local y el sue\u00f1o de poder disputar nuevamente una copa internacional qued\u00f3 bastante lejos.<\/p>\n<p style=\"text-align: justify;\"><strong>S\u00edntesis<\/strong><\/p>\n<p style=\"text-align: justify;\"><strong><\/strong><strong>Belgrano<\/strong>: Pablo Heredia; Gast\u00f3n Turus, Luciano Lollo y Sergio Rodr\u00ed\u00adguez; Emiliano Rigoni, Lucas Pittinari, Marcos Rivadero y Jorge Vel\u00e1zquez; Lucas Zelarray\u00e1n; C\u00e9sar Pereyra y Ezequiel Maggiolo. DT: Ricardo Zielinski.<\/p>\n<p style=\"text-align: justify;\"><strong>Arsenal<\/strong>\u00a0de Sarand\u00ed: Alejandro Limia; Valencia, Randazzo, Mat\u00edas Zaldivia y Federico Milo; Fausto Montero, Iv\u00e1n Marcone, Gast\u00f3n Esmerado o Franco Zuculini y Nicol\u00e1s Aguirre; Mart\u00edn Rolle y Emilio Zelaya. DT: Mart\u00edn Palermo.<\/p>\n<p style=\"text-align: justify;\"><strong>\u00c1rbitro<\/strong>: Silvio Trucco.<\/p>\n<p style=\"text-align: justify;\"><strong>Cancha<\/strong>: Mario Alberto Kempes.<\/p>\n<p><iframe loading=\"lazy\" src=\"\/\/www.youtube.com\/embed\/pLuNBlE1Qfc\" height=\"315\" width=\"560\" allowfullscreen=\"\" frameborder=\"0\"><\/iframe><\/p>\n<p><iframe loading=\"lazy\" src=\"\/\/www.youtube.com\/embed\/VNfX8wOn8fA\" height=\"315\" width=\"560\" allowfullscreen=\"\" frameborder=\"0\"><\/iframe><\/p>\n<p><iframe loading=\"lazy\" src=\"\/\/www.youtube.com\/embed\/epGIzUsMaOE\" height=\"315\" width=\"560\" allowfullscreen=\"\" frameborder=\"0\"><\/iframe><\/p>\n","protected":false},"excerpt":{"rendered":"<p>El Pirata igual\u00f3 0 a 0 con el conjunto de Sarand\u00ed y qued\u00f3 muy complicado para lograr la clasificaci\u00f3n a la Copa Sudamericana. Los de\u00a0Zielinski tuvieron m\u00e1s situaciones pero no pudieron aprovecharlas.\u00a0 &nbsp; Por la fecha 18 del Torneo Final, Belgrano se jugaba en el Kempes una de las \u00faltimas chances para lograr la ansiada [&hellip;]<\/p>\n","protected":false},"author":10,"featured_media":13797,"comment_status":"open","ping_status":"open","sticky":false,"template":"","format":"standard","meta":{"_seopress_robots_primary_cat":"","_seopress_titles_title":"","_seopress_titles_desc":"","_seopress_robots_index":"","footnotes":""},"categories":[2,16],"tags":[33,71,1052,948,1816],"class_list":["post-13763","post","type-post","status-publish","format-standard","has-post-thumbnail","hentry","category-futbol","category-primera-division","tag-afa","tag-arsenal","tag-belgrano-de-cordoba","tag-palermo","tag-torneo-final"],"_links":{"self":[{"href":"https:\/\/www.cordobatimes.com\/deportes\/wp-json\/wp\/v2\/posts\/13763","targetHints":{"allow":["GET"]}}],"collection":[{"href":"https:\/\/www.cordobatimes.com\/deportes\/wp-json\/wp\/v2\/posts"}],"about":[{"href":"https:\/\/www.cordobatimes.com\/deportes\/wp-json\/wp\/v2\/types\/post"}],"author":[{"embeddable":true,"href":"https:\/\/www.cordobatimes.com\/deportes\/wp-json\/wp\/v2\/users\/10"}],"replies":[{"embeddable":true,"href":"https:\/\/www.cordobatimes.com\/deportes\/wp-json\/wp\/v2\/comments?post=13763"}],"version-history":[{"count":0,"href":"https:\/\/www.cordobatimes.com\/deportes\/wp-json\/wp\/v2\/posts\/13763\/revisions"}],"wp:featuredmedia":[{"embeddable":true,"href":"https:\/\/www.cordobatimes.com\/deportes\/wp-json\/wp\/v2\/media\/13797"}],"wp:attachment":[{"href":"https:\/\/www.cordobatimes.com\/deportes\/wp-json\/wp\/v2\/media?parent=13763"}],"wp:term":[{"taxonomy":"category","embeddable":true,"href":"https:\/\/www.cordobatimes.com\/deportes\/wp-json\/wp\/v2\/categories?post=13763"},{"taxonomy":"post_tag","embeddable":true,"href":"https:\/\/www.cordobatimes.com\/deportes\/wp-json\/wp\/v2\/tags?post=13763"}],"curies":[{"name":"wp","href":"https:\/\/api.w.org\/{rel}","templated":true}]}}