{"id":13657,"date":"2014-05-10T12:30:03","date_gmt":"2014-05-10T15:30:03","guid":{"rendered":"http:\/\/www.cordobatimes.com\/deportes\/?p=13657"},"modified":"2014-05-10T12:30:03","modified_gmt":"2014-05-10T15:30:03","slug":"wtcc-pole-para-lopez-en-su-debut-en-eslovaquia","status":"publish","type":"post","link":"https:\/\/www.cordobatimes.com\/deportes\/automovilismo\/2014\/05\/10\/wtcc-pole-para-lopez-en-su-debut-en-eslovaquia\/","title":{"rendered":"WTCC: Pole para L\u00f3pez en su debut en Eslovaquia"},"content":{"rendered":"<h3><a href=\"http:\/\/www.cordobatimes.com\/deportes\/wp-content\/uploads\/2014\/05\/pecho.jpg\"><img loading=\"lazy\" decoding=\"async\" class=\"size-full wp-image-13660 aligncenter\" alt=\"pecho\" src=\"http:\/\/www.cordobatimes.com\/deportes\/wp-content\/uploads\/2014\/05\/pecho.jpg\" width=\"630\" height=\"354\" data-id=\"13660\" srcset=\"https:\/\/www.cordobatimes.com\/deportes\/wp-content\/uploads\/2014\/05\/pecho.jpg 630w, https:\/\/www.cordobatimes.com\/deportes\/wp-content\/uploads\/2014\/05\/pecho-300x168.jpg 300w\" sizes=\"auto, (max-width: 630px) 100vw, 630px\" \/><\/a><\/h3>\n<h3>Juan Mar\u00eda L\u00f3pez consigui\u00f3 su segunda pole de la temporada tras imponerse en una sesi\u00f3n de calificaci\u00f3n muy animada y soleada en el Anillo de Eslovaquia.<\/h3>\n<p>&nbsp;<\/p>\n<p>El hecho de que el cordob\u00e9s visitase por primera vez esta pista no fue ninguna desventaja para Pechito, que venci\u00f3 a sus compa\u00f1eros de equipo S\u00e9bastien Loeb e Yvan Muller en otro triplete de Citr\u00f6en.<\/p>\n<p>Norbert Michelisz y Gianni Morbidelli clasificaron en cuarta y quinta posici\u00f3n, permitiendo a Honda y Chevrolet RML estar representados en la Q3.En la Q1 se produjo una clasificaci\u00f3n inusual, con diez coches en ocho d\u00e9cimas y Michelisz por delante de Valente, Muller,Coronel y Tarquini .La situaci\u00f3n cambi\u00f3 en la Q2, donde L\u00f3pez asumi\u00f3 el mando y que qued\u00f3 marcado por el incidente que involucr\u00f3 a Tarquini, cuyo cap\u00f3 se sol\u00f3 y tuvo que parar en la pista.<\/p>\n<p>Morbidelli y Monteiro, que acabaron noveno y d\u00e9cimo en la Q1, estar\u00e1n en primera fila para la segunda carrera, mientras que los BMW de Engstler y Di Sabatino dominaron la clasificaci\u00f3n entre los coches TC2 una vez m\u00e1s.<\/p>\n<p>&nbsp;<\/p>\n<p>Cr\u00e9ditos:wtcc oficial<\/p>\n<p>&nbsp;<\/p>\n","protected":false},"excerpt":{"rendered":"<p>Juan Mar\u00eda L\u00f3pez consigui\u00f3 su segunda pole de la temporada tras imponerse en una sesi\u00f3n de calificaci\u00f3n muy animada y soleada en el Anillo de Eslovaquia. &nbsp; El hecho de que el cordob\u00e9s visitase por primera vez esta pista no fue ninguna desventaja para Pechito, que venci\u00f3 a sus compa\u00f1eros de equipo S\u00e9bastien Loeb e [&hellip;]<\/p>\n","protected":false},"author":6,"featured_media":13660,"comment_status":"open","ping_status":"open","sticky":false,"template":"","format":"standard","meta":{"_seopress_robots_primary_cat":"","_seopress_titles_title":"","_seopress_titles_desc":"","_seopress_robots_index":"","footnotes":""},"categories":[1],"tags":[287,2660,413],"class_list":["post-13657","post","type-post","status-publish","format-standard","has-post-thumbnail","hentry","category-automovilismo","tag-pechito-lopez","tag-pechito-lopez-wtcc","tag-wtcc"],"_links":{"self":[{"href":"https:\/\/www.cordobatimes.com\/deportes\/wp-json\/wp\/v2\/posts\/13657","targetHints":{"allow":["GET"]}}],"collection":[{"href":"https:\/\/www.cordobatimes.com\/deportes\/wp-json\/wp\/v2\/posts"}],"about":[{"href":"https:\/\/www.cordobatimes.com\/deportes\/wp-json\/wp\/v2\/types\/post"}],"author":[{"embeddable":true,"href":"https:\/\/www.cordobatimes.com\/deportes\/wp-json\/wp\/v2\/users\/6"}],"replies":[{"embeddable":true,"href":"https:\/\/www.cordobatimes.com\/deportes\/wp-json\/wp\/v2\/comments?post=13657"}],"version-history":[{"count":0,"href":"https:\/\/www.cordobatimes.com\/deportes\/wp-json\/wp\/v2\/posts\/13657\/revisions"}],"wp:featuredmedia":[{"embeddable":true,"href":"https:\/\/www.cordobatimes.com\/deportes\/wp-json\/wp\/v2\/media\/13660"}],"wp:attachment":[{"href":"https:\/\/www.cordobatimes.com\/deportes\/wp-json\/wp\/v2\/media?parent=13657"}],"wp:term":[{"taxonomy":"category","embeddable":true,"href":"https:\/\/www.cordobatimes.com\/deportes\/wp-json\/wp\/v2\/categories?post=13657"},{"taxonomy":"post_tag","embeddable":true,"href":"https:\/\/www.cordobatimes.com\/deportes\/wp-json\/wp\/v2\/tags?post=13657"}],"curies":[{"name":"wp","href":"https:\/\/api.w.org\/{rel}","templated":true}]}}