{"id":13622,"date":"2014-05-09T17:46:31","date_gmt":"2014-05-09T20:46:31","guid":{"rendered":"http:\/\/www.cordobatimes.com\/deportes\/?p=13622"},"modified":"2014-05-10T10:50:21","modified_gmt":"2014-05-10T13:50:21","slug":"accidente-de-hirvonen-y-ostberg","status":"publish","type":"post","link":"https:\/\/www.cordobatimes.com\/deportes\/automovilismo\/2014\/05\/09\/accidente-de-hirvonen-y-ostberg\/","title":{"rendered":"Accidente de Hirvonen y Ostberg"},"content":{"rendered":"<h3><a href=\"http:\/\/www.cordobatimes.com\/deportes\/wp-content\/uploads\/2014\/05\/accihirvonen.jpg\"><img loading=\"lazy\" decoding=\"async\" class=\"alignnone size-full wp-image-13623\" alt=\"accihirvonen\" src=\"http:\/\/www.cordobatimes.com\/deportes\/wp-content\/uploads\/2014\/05\/accihirvonen.jpg\" width=\"896\" height=\"504\" data-id=\"13623\" srcset=\"https:\/\/www.cordobatimes.com\/deportes\/wp-content\/uploads\/2014\/05\/accihirvonen.jpg 896w, https:\/\/www.cordobatimes.com\/deportes\/wp-content\/uploads\/2014\/05\/accihirvonen-300x168.jpg 300w\" sizes=\"auto, (max-width: 896px) 100vw, 896px\" \/><\/a><\/h3>\n<h3>Mikko \u00a0Hirvonen ha admitido que un error suyo en una nota ha provocado el accidente que lo ha dejado fuera del rally de Argentina hasta ma\u00f1ana. Mientras que Mads Ostberg espera reengancharse tras lo sucedido hoy a pesar que se ha lesionado una mano.<\/h3>\n<p>&nbsp;<\/p>\n<p>El finland\u00e9s se ha salido y chocado contra un muro en el kil\u00f3metro 7,5 del primer tramo, Santa Catalina-La Pampa, y su Ford Fiesta RS WRC \u00a0result\u00f3 demasiado da\u00f1ado.\u201cHa sido error m\u00edo, he olvidado una nota\u201d, \u00a0explic\u00f3 Hirvonen a wrc.com. \u201cEra una curva a fondo y por alg\u00fan motivo nos salimos. La siguiente curva era una muy cerrada a la izquierda y pens\u00e9 que era igual que la otra. Iba demasiado r\u00e1pido, fue error m\u00edo, mi rallye no ha durado mucho en esta ocasi\u00f3n\u201d.<\/p>\n<p>Despu\u00e9s de finalizar segundo en el Rally de Portugal el mes pasado, Hirvonen era optimista sobre sus posibilidades en Argentina y fue uno de los m\u00e1s r\u00e1pidos en el shakedown.<br \/>\nHirvonen estaba seguro de que su equipo M-Sport podr\u00e1 reparar su coche para reengancharse a la carrera ma\u00f1ana con la normativa del Rallye 2.<br \/>\n\u201cLos mec\u00e1nicos pueden hacer milagros, pero ha sido un accidente muy duro. Tendremos que esperar y ver cuando conseguimos traer de vuelta el coche a la asistencia\u201d.<\/p>\n<p><a href=\"http:\/\/www.cordobatimes.com\/deportes\/wp-content\/uploads\/2014\/05\/ostberg.jpg\"><img loading=\"lazy\" decoding=\"async\" class=\"alignnone size-full wp-image-13624\" alt=\"ostberg\" src=\"http:\/\/www.cordobatimes.com\/deportes\/wp-content\/uploads\/2014\/05\/ostberg.jpg\" width=\"896\" height=\"504\" data-id=\"13624\" srcset=\"https:\/\/www.cordobatimes.com\/deportes\/wp-content\/uploads\/2014\/05\/ostberg.jpg 896w, https:\/\/www.cordobatimes.com\/deportes\/wp-content\/uploads\/2014\/05\/ostberg-300x168.jpg 300w\" sizes=\"auto, (max-width: 896px) 100vw, 896px\" \/><\/a><\/p>\n<p>Ostberg hab\u00eda iniciado la prueba como uno de los favoritos al podio y era segundo de la general cuando se ha salido en el kil\u00f3metro 16 del primer tramo de hoy con su Citro\u00ebn DS3 WRC. Ott Tanak, uno de los favoritos en el WRC 2, se ha salido en el mismo lugar poco despu\u00e9s.<br \/>\n\u201cOcurri\u00f3 en un peque\u00f1o salto en una curva a derechas\u201d, ha explicado Ostberg a wrc.com. \u201cEra a fondo en mis notas y a\u00fan as\u00ed he frenado un poco, pero la parte trasera se ha levantado mucho\u201d.<\/p>\n<p>\u201cAterric\u00e9 fuera y cuando est\u00e1bamos volviendo tocamos alg en el exterior de la carretera y destrozamos la parte frontal izquierda. Tambi\u00e9n ha roto algo de la caja de cambios, as\u00ed que ha sido el final por ahora\u201d.<br \/>\nOstberg no cree que los desperfectos le vayan a impedir volver ma\u00f1ana a la carrera. \u201cNo se necesitan reparar muchas cosas, ahora volvemos a la asistencia y no deber\u00edamos de tener problemas para arreglarlo\u201d.<br \/>\nEl noruego tambi\u00e9n magullada su mano derecha, que ha resultada herida intentado hacer unas peque\u00f1as reparaciones al coche. \u201cTengo un poco de dolor despu\u00e9s de intentar arreglar el coche\u201d, ha explicado. \u201cDespu\u00e9s de irnos al exterior casi volcamos, as\u00ed que tuve que hacer mucha fuerza para poner bien la direcci\u00f3n\u201d.<\/p>\n<p>&nbsp;<\/p>\n<p><iframe loading=\"lazy\" src=\"\/\/www.youtube.com\/embed\/15dS-C6Dx9Y?list=PLODyu6T9_emzSwXWsmQ3NMBSlaINNmc0T\" height=\"315\" width=\"560\" allowfullscreen=\"\" frameborder=\"0\"><\/iframe><\/p>\n<p>&nbsp;<\/p>\n<p>Creditos: WRC.com<\/p>\n","protected":false},"excerpt":{"rendered":"<p>Mikko \u00a0Hirvonen ha admitido que un error suyo en una nota ha provocado el accidente que lo ha dejado fuera del rally de Argentina hasta ma\u00f1ana. Mientras que Mads Ostberg espera reengancharse tras lo sucedido hoy a pesar que se ha lesionado una mano. &nbsp; El finland\u00e9s se ha salido y chocado contra un muro [&hellip;]<\/p>\n","protected":false},"author":6,"featured_media":13623,"comment_status":"open","ping_status":"open","sticky":false,"template":"","format":"standard","meta":{"_seopress_robots_primary_cat":"","_seopress_titles_title":"","_seopress_titles_desc":"","_seopress_robots_index":"","footnotes":""},"categories":[1,14],"tags":[2879,2878,2880,652],"class_list":["post-13622","post","type-post","status-publish","format-standard","has-post-thumbnail","hentry","category-automovilismo","category-rally","tag-accidente-hirvonen","tag-accidente-ostberg","tag-rally-de-argentina","tag-wrc"],"_links":{"self":[{"href":"https:\/\/www.cordobatimes.com\/deportes\/wp-json\/wp\/v2\/posts\/13622","targetHints":{"allow":["GET"]}}],"collection":[{"href":"https:\/\/www.cordobatimes.com\/deportes\/wp-json\/wp\/v2\/posts"}],"about":[{"href":"https:\/\/www.cordobatimes.com\/deportes\/wp-json\/wp\/v2\/types\/post"}],"author":[{"embeddable":true,"href":"https:\/\/www.cordobatimes.com\/deportes\/wp-json\/wp\/v2\/users\/6"}],"replies":[{"embeddable":true,"href":"https:\/\/www.cordobatimes.com\/deportes\/wp-json\/wp\/v2\/comments?post=13622"}],"version-history":[{"count":0,"href":"https:\/\/www.cordobatimes.com\/deportes\/wp-json\/wp\/v2\/posts\/13622\/revisions"}],"wp:featuredmedia":[{"embeddable":true,"href":"https:\/\/www.cordobatimes.com\/deportes\/wp-json\/wp\/v2\/media\/13623"}],"wp:attachment":[{"href":"https:\/\/www.cordobatimes.com\/deportes\/wp-json\/wp\/v2\/media?parent=13622"}],"wp:term":[{"taxonomy":"category","embeddable":true,"href":"https:\/\/www.cordobatimes.com\/deportes\/wp-json\/wp\/v2\/categories?post=13622"},{"taxonomy":"post_tag","embeddable":true,"href":"https:\/\/www.cordobatimes.com\/deportes\/wp-json\/wp\/v2\/tags?post=13622"}],"curies":[{"name":"wp","href":"https:\/\/api.w.org\/{rel}","templated":true}]}}