{"id":13550,"date":"2014-05-08T15:55:33","date_gmt":"2014-05-08T18:55:33","guid":{"rendered":"http:\/\/www.cordobatimes.com\/deportes\/?p=13550"},"modified":"2014-05-09T04:23:39","modified_gmt":"2014-05-09T07:23:39","slug":"rally-argentina-sordo-el-mas-rapido-en-el-shakedown","status":"publish","type":"post","link":"https:\/\/www.cordobatimes.com\/deportes\/automovilismo\/2014\/05\/08\/rally-argentina-sordo-el-mas-rapido-en-el-shakedown\/","title":{"rendered":"Rally Argentina: Sordo fue el m\u00e1s r\u00e1pido en el Shakedown"},"content":{"rendered":"<p style=\"text-align: justify;\"><a href=\"http:\/\/www.cordobatimes.com\/deportes\/wp-content\/uploads\/2014\/05\/SORDO.jpg\"><img loading=\"lazy\" decoding=\"async\" class=\"alignnone size-full wp-image-13553\" alt=\"SORDO\" src=\"http:\/\/www.cordobatimes.com\/deportes\/wp-content\/uploads\/2014\/05\/SORDO.jpg\" width=\"896\" height=\"504\" data-id=\"13553\" srcset=\"https:\/\/www.cordobatimes.com\/deportes\/wp-content\/uploads\/2014\/05\/SORDO.jpg 896w, https:\/\/www.cordobatimes.com\/deportes\/wp-content\/uploads\/2014\/05\/SORDO-300x168.jpg 300w\" sizes=\"auto, (max-width: 896px) 100vw, 896px\" \/><\/a><\/p>\n<h3 style=\"text-align: justify;\">Dani Sordo fue el m\u00e1s r\u00e1pido en el shakedown del rally de argentina con su Hyundai I20 WRC.<\/h3>\n<p>&nbsp;<\/p>\n<p style=\"text-align: justify;\">El espa\u00f1ol, que reemplaz\u00f3 a Juho Hanninen el d\u00eda antes de que se cerrar\u00e1n las inscripciones de la prueba, ha sido el mejor con cuatro d\u00e9cimas de ventaja sobre el Ford Fiesta RS WRC de Mikko Hirvonen.<br \/>\nMientras que varios pilotos se han conformado con dar las dos pasadas obligatorias por el tramo de 4,59 kil\u00f3metros de Villa Garc\u00eda a Cabalango, tanto Sordo como Hirvonen han completado cuatro pasadas en una especial en la que la niebla ha sido protagonista y en la que ambos han marcado sus mejores cronos en el \u00faltimo intento.<br \/>\nJari-Matti Latvala ha sido tercero con su Volkswagen Polo R WRC a 0.3 segundos de Hirvonen, mientras que Thierry Neuville ha finalizado cuarto a otras tres d\u00e9cimas con el segundo de los i20 WRC.<br \/>\nS\u00e9bastien Ogier y Andreas Mikkelsen han completado el top 6, quedando el noruego a solo 1.3 segundos del mejor crono en el tramo que se ha disputado cerca de la sede del rallye en Villa Carlos Paz.<\/p>\n<p style=\"text-align: justify;\">LOS CRONOS DEL SHAKEDOWN:<\/p>\n<p style=\"text-align: justify;\">POSICI\u00d3N PILOTO CRONO<br \/>\n1 Dani Sordo 2min 31.3s<br \/>\n2 Mikko Hirvonen + 0.4s<br \/>\n3 Jari-Matti Latvala + 0.7s<br \/>\n4 Thierry Neuville + 1.0s<br \/>\n5 S\u00e9bastien Ogier + 1.2s<br \/>\n6 Andreas Mikkelsen + 1.3s<br \/>\n7 Mads Ostberg + 1.8s<br \/>\n8 Robert Kubica + 2.6s<br \/>\n9 Kris Meeke + 3.6s<br \/>\n10 Martin Prokop + 3.9s<br \/>\n11 Elfyn Evans + 6.8s<\/p>\n<h6 style=\"text-align: justify;\">Cr\u00e9ditos:wrc.com<\/h6>\n","protected":false},"excerpt":{"rendered":"<p>Dani Sordo fue el m\u00e1s r\u00e1pido en el shakedown del rally de argentina con su Hyundai I20 WRC. &nbsp; El espa\u00f1ol, que reemplaz\u00f3 a Juho Hanninen el d\u00eda antes de que se cerrar\u00e1n las inscripciones de la prueba, ha sido el mejor con cuatro d\u00e9cimas de ventaja sobre el Ford Fiesta RS WRC de Mikko [&hellip;]<\/p>\n","protected":false},"author":6,"featured_media":13553,"comment_status":"open","ping_status":"open","sticky":false,"template":"","format":"standard","meta":{"_seopress_robots_primary_cat":"","_seopress_titles_title":"","_seopress_titles_desc":"","_seopress_robots_index":"","footnotes":""},"categories":[1,14],"tags":[2860,2761,2859,652],"class_list":["post-13550","post","type-post","status-publish","format-standard","has-post-thumbnail","hentry","category-automovilismo","category-rally","tag-dani-sordo","tag-rally-argentina-2014","tag-shakedown","tag-wrc"],"_links":{"self":[{"href":"https:\/\/www.cordobatimes.com\/deportes\/wp-json\/wp\/v2\/posts\/13550","targetHints":{"allow":["GET"]}}],"collection":[{"href":"https:\/\/www.cordobatimes.com\/deportes\/wp-json\/wp\/v2\/posts"}],"about":[{"href":"https:\/\/www.cordobatimes.com\/deportes\/wp-json\/wp\/v2\/types\/post"}],"author":[{"embeddable":true,"href":"https:\/\/www.cordobatimes.com\/deportes\/wp-json\/wp\/v2\/users\/6"}],"replies":[{"embeddable":true,"href":"https:\/\/www.cordobatimes.com\/deportes\/wp-json\/wp\/v2\/comments?post=13550"}],"version-history":[{"count":0,"href":"https:\/\/www.cordobatimes.com\/deportes\/wp-json\/wp\/v2\/posts\/13550\/revisions"}],"wp:featuredmedia":[{"embeddable":true,"href":"https:\/\/www.cordobatimes.com\/deportes\/wp-json\/wp\/v2\/media\/13553"}],"wp:attachment":[{"href":"https:\/\/www.cordobatimes.com\/deportes\/wp-json\/wp\/v2\/media?parent=13550"}],"wp:term":[{"taxonomy":"category","embeddable":true,"href":"https:\/\/www.cordobatimes.com\/deportes\/wp-json\/wp\/v2\/categories?post=13550"},{"taxonomy":"post_tag","embeddable":true,"href":"https:\/\/www.cordobatimes.com\/deportes\/wp-json\/wp\/v2\/tags?post=13550"}],"curies":[{"name":"wp","href":"https:\/\/api.w.org\/{rel}","templated":true}]}}