{"id":13526,"date":"2014-05-07T21:52:26","date_gmt":"2014-05-08T00:52:26","guid":{"rendered":"http:\/\/www.cordobatimes.com\/deportes\/?p=13526"},"modified":"2014-05-07T21:52:26","modified_gmt":"2014-05-08T00:52:26","slug":"arsenal-no-pudo-en-paraguay-video","status":"publish","type":"post","link":"https:\/\/www.cordobatimes.com\/deportes\/futbol\/2014\/05\/07\/arsenal-no-pudo-en-paraguay-video\/","title":{"rendered":"Arsenal no pudo en Paraguay (Video)"},"content":{"rendered":"<h3 style=\"text-align: justify;\"><a href=\"http:\/\/www.cordobatimes.com\/deportes\/wp-content\/uploads\/2014\/05\/nacional-pa.jpg\"><img loading=\"lazy\" decoding=\"async\" class=\"aligncenter size-full wp-image-13527\" alt=\"nacional pa\" src=\"http:\/\/www.cordobatimes.com\/deportes\/wp-content\/uploads\/2014\/05\/nacional-pa.jpg\" width=\"770\" height=\"433\" data-id=\"13527\" srcset=\"https:\/\/www.cordobatimes.com\/deportes\/wp-content\/uploads\/2014\/05\/nacional-pa.jpg 770w, https:\/\/www.cordobatimes.com\/deportes\/wp-content\/uploads\/2014\/05\/nacional-pa-300x168.jpg 300w\" sizes=\"auto, (max-width: 770px) 100vw, 770px\" \/><\/a><\/h3>\n<h3 style=\"text-align: justify;\"><strong>Por el encuentro de ida de los Cuartos de Final de la Copa Libertadores, el elenco de Sarand\u00ed cay\u00f3 ante Nacional por 1 a 0 y est\u00e1 obligado a ganar en Argentina. Campestrini tap\u00f3 un penal en el primer tiempo. Mir\u00e1 el resumen.<\/strong><\/h3>\n<p>&nbsp;<\/p>\n<p style=\"text-align: justify;\">Por el partido de ida de los Cuartos de Final, en el &#8216;Defensores del Chaco&#8217;, los dirigidos por Mart\u00edn Palermo no pudieron ante un duro Nacional y terminaron cayendo por 1 a 0.<\/p>\n<p style=\"text-align: justify;\">Los del Viaducto se hab\u00edan salvado a trav\u00e9s de\u00a0Campestrini, quien tap\u00f3 un penal en la primera etapa.\u00a0Sin embargo,perdieron 1 a 0 gracias al tanto de la figura del encuentro\u00a0Oru\u00e9.<\/p>\n<p style=\"text-align: justify;\">De este modo,\u00a0la &#8220;Academia&#8221; guaran\u00ed abri\u00f3 con victoria la ida de los Cuartos de Final de la Copa Libertadores ante Arsenal de Sarand\u00ed, que definir\u00e1 la serie en casa la pr\u00f3xima semana.<\/p>\n<p><iframe loading=\"lazy\" src=\"\/\/www.youtube.com\/embed\/NpRgrEN5v_8\" height=\"315\" width=\"560\" allowfullscreen=\"\" frameborder=\"0\"><\/iframe><\/p>\n<p style=\"text-align: justify;\"><b><span style=\"text-decoration: underline;\">Formaciones<\/span><\/b><\/p>\n<p style=\"text-align: justify;\"><b><\/b><b>Nacional<\/b>: Ignacio Don; Ram\u00f3n Coronel, Jos\u00e9 C\u00e1ceres, Ra\u00fal Piris, David Mendoza; Marcos Riveros, Silvio Torales, Derlis Oru\u00e9, Marcos Melgarejo; Juli\u00e1n Ben\u00edtez y Fredy Bareiro.\u00a0<b>DT<\/b>: Gustavo Morinigo<\/p>\n<p style=\"text-align: justify;\"><strong>Arsenal<\/strong>: Cristian Campestrini; Leandro Gonz\u00e1lez Pirez, Hugo Nervo, Diego Braghieri, Dami\u00e1n P\u00e9rez; Mauricio Sperduti, Iv\u00e1n Marcone, Mat\u00edas S\u00e1nchez, Federico Freire; Julio Furch y Milton Caraglio.\u00a0DT: Mart\u00edn Palermo<\/p>\n<p style=\"text-align: justify;\"><b>Estadio<\/b>: Defensores del Chaco (Paraguay)<\/p>\n<p style=\"text-align: justify;\"><b>\u00c1rbitro<\/b>: Wilmar Rold\u00e1n (Colombia)<\/p>\n","protected":false},"excerpt":{"rendered":"<p>Por el encuentro de ida de los Cuartos de Final de la Copa Libertadores, el elenco de Sarand\u00ed cay\u00f3 ante Nacional por 1 a 0 y est\u00e1 obligado a ganar en Argentina. Campestrini tap\u00f3 un penal en el primer tiempo. Mir\u00e1 el resumen. &nbsp; Por el partido de ida de los Cuartos de Final, en [&hellip;]<\/p>\n","protected":false},"author":10,"featured_media":13527,"comment_status":"open","ping_status":"open","sticky":false,"template":"","format":"standard","meta":{"_seopress_robots_primary_cat":"","_seopress_titles_title":"","_seopress_titles_desc":"","_seopress_robots_index":"","footnotes":""},"categories":[21,2],"tags":[2142,219,1588,2853,503,2852],"class_list":["post-13526","post","type-post","status-publish","format-standard","has-post-thumbnail","hentry","category-copa-libertadores","category-futbol","tag-arsenal-de-sarandi","tag-copa-libertadores-2","tag-cuartos-de-final","tag-la-academia-guarani","tag-martin-palermo","tag-nacional-de-paraguay"],"_links":{"self":[{"href":"https:\/\/www.cordobatimes.com\/deportes\/wp-json\/wp\/v2\/posts\/13526","targetHints":{"allow":["GET"]}}],"collection":[{"href":"https:\/\/www.cordobatimes.com\/deportes\/wp-json\/wp\/v2\/posts"}],"about":[{"href":"https:\/\/www.cordobatimes.com\/deportes\/wp-json\/wp\/v2\/types\/post"}],"author":[{"embeddable":true,"href":"https:\/\/www.cordobatimes.com\/deportes\/wp-json\/wp\/v2\/users\/10"}],"replies":[{"embeddable":true,"href":"https:\/\/www.cordobatimes.com\/deportes\/wp-json\/wp\/v2\/comments?post=13526"}],"version-history":[{"count":0,"href":"https:\/\/www.cordobatimes.com\/deportes\/wp-json\/wp\/v2\/posts\/13526\/revisions"}],"wp:featuredmedia":[{"embeddable":true,"href":"https:\/\/www.cordobatimes.com\/deportes\/wp-json\/wp\/v2\/media\/13527"}],"wp:attachment":[{"href":"https:\/\/www.cordobatimes.com\/deportes\/wp-json\/wp\/v2\/media?parent=13526"}],"wp:term":[{"taxonomy":"category","embeddable":true,"href":"https:\/\/www.cordobatimes.com\/deportes\/wp-json\/wp\/v2\/categories?post=13526"},{"taxonomy":"post_tag","embeddable":true,"href":"https:\/\/www.cordobatimes.com\/deportes\/wp-json\/wp\/v2\/tags?post=13526"}],"curies":[{"name":"wp","href":"https:\/\/api.w.org\/{rel}","templated":true}]}}