{"id":13521,"date":"2014-05-07T21:34:17","date_gmt":"2014-05-08T00:34:17","guid":{"rendered":"http:\/\/www.cordobatimes.com\/deportes\/?p=13521"},"modified":"2014-05-07T21:34:17","modified_gmt":"2014-05-08T00:34:17","slug":"mikulas-se-convirtio-en-el-primer-refuerzo-de-atenas","status":"publish","type":"post","link":"https:\/\/www.cordobatimes.com\/deportes\/basquet\/2014\/05\/07\/mikulas-se-convirtio-en-el-primer-refuerzo-de-atenas\/","title":{"rendered":"Mikulas se convirti\u00f3 en el primer refuerzo de Atenas"},"content":{"rendered":"<h3 style=\"text-align: justify;\"><a href=\"http:\/\/www.cordobatimes.com\/deportes\/wp-content\/uploads\/2014\/05\/mikulas.jpg\"><img loading=\"lazy\" decoding=\"async\" class=\"aligncenter size-full wp-image-13522\" alt=\"mikulas\" src=\"http:\/\/www.cordobatimes.com\/deportes\/wp-content\/uploads\/2014\/05\/mikulas.jpg\" width=\"640\" height=\"463\" data-id=\"13522\" srcset=\"https:\/\/www.cordobatimes.com\/deportes\/wp-content\/uploads\/2014\/05\/mikulas.jpg 640w, https:\/\/www.cordobatimes.com\/deportes\/wp-content\/uploads\/2014\/05\/mikulas-300x217.jpg 300w\" sizes=\"auto, (max-width: 640px) 100vw, 640px\" \/><\/a><\/h3>\n<h3 style=\"text-align: justify;\"><strong>El pivote de 33 a\u00f1os, de \u00faltimo paso por Sionista de Paran\u00e1, regresa al conjunto cordob\u00e9s tras haber vestido la camiseta del Griego en\u00a0las temporadas 2005\/06 y 2006\/07.<\/strong><\/h3>\n<p>&nbsp;<\/p>\n<p style=\"text-align: justify;\">Tras una Fase Regular aceptable, terminando en el quinto puesto de la tabla luego de un a\u00f1o repleto de lesiones y recambios, y la temprana eliminaci\u00f3n en la Reclasificaci\u00f3n ante Quimsa, Atenas ya comenz\u00f3 a armar el plantel para la pr\u00f3xima temporada.<\/p>\n<p style=\"text-align: justify;\">El primer refuerzo del elenco de Barrio General Bustos es el experimentado pivote Gabriel Mikulas, de 33 a\u00f1os que viene de vestir la camiseta de Sionista de Paran\u00e1. All\u00ed, en la presente temporada, promedi\u00f3 12.7 puntos por partido y de esa forma fue el goleador del equipo que termin\u00f3 su participaci\u00f3n en la Reclasificaci\u00f3n, siendo barrido por Quilmes de Mar del Plata.<\/p>\n<p style=\"text-align: justify;\">Mikulas fue parte del plantel de Atenas de C\u00f3rdoba en\u00a0las temporadas 2005\/06 (48 partidos) y 2006\/07 (50 juegos), donde se consagr\u00f3 campe\u00f3n Sudamericano en 2005 con el Verde que era dirigido en ese entonces por Mario Milanesio.<\/p>\n","protected":false},"excerpt":{"rendered":"<p>El pivote de 33 a\u00f1os, de \u00faltimo paso por Sionista de Paran\u00e1, regresa al conjunto cordob\u00e9s tras haber vestido la camiseta del Griego en\u00a0las temporadas 2005\/06 y 2006\/07. &nbsp; Tras una Fase Regular aceptable, terminando en el quinto puesto de la tabla luego de un a\u00f1o repleto de lesiones y recambios, y la temprana eliminaci\u00f3n [&hellip;]<\/p>\n","protected":false},"author":10,"featured_media":13522,"comment_status":"open","ping_status":"open","sticky":false,"template":"","format":"standard","meta":{"_seopress_robots_primary_cat":"","_seopress_titles_title":"","_seopress_titles_desc":"","_seopress_robots_index":"","footnotes":""},"categories":[3],"tags":[288,2851],"class_list":["post-13521","post","type-post","status-publish","format-standard","has-post-thumbnail","hentry","category-basquet","tag-liga-nacional","tag-mikulas"],"_links":{"self":[{"href":"https:\/\/www.cordobatimes.com\/deportes\/wp-json\/wp\/v2\/posts\/13521","targetHints":{"allow":["GET"]}}],"collection":[{"href":"https:\/\/www.cordobatimes.com\/deportes\/wp-json\/wp\/v2\/posts"}],"about":[{"href":"https:\/\/www.cordobatimes.com\/deportes\/wp-json\/wp\/v2\/types\/post"}],"author":[{"embeddable":true,"href":"https:\/\/www.cordobatimes.com\/deportes\/wp-json\/wp\/v2\/users\/10"}],"replies":[{"embeddable":true,"href":"https:\/\/www.cordobatimes.com\/deportes\/wp-json\/wp\/v2\/comments?post=13521"}],"version-history":[{"count":0,"href":"https:\/\/www.cordobatimes.com\/deportes\/wp-json\/wp\/v2\/posts\/13521\/revisions"}],"wp:featuredmedia":[{"embeddable":true,"href":"https:\/\/www.cordobatimes.com\/deportes\/wp-json\/wp\/v2\/media\/13522"}],"wp:attachment":[{"href":"https:\/\/www.cordobatimes.com\/deportes\/wp-json\/wp\/v2\/media?parent=13521"}],"wp:term":[{"taxonomy":"category","embeddable":true,"href":"https:\/\/www.cordobatimes.com\/deportes\/wp-json\/wp\/v2\/categories?post=13521"},{"taxonomy":"post_tag","embeddable":true,"href":"https:\/\/www.cordobatimes.com\/deportes\/wp-json\/wp\/v2\/tags?post=13521"}],"curies":[{"name":"wp","href":"https:\/\/api.w.org\/{rel}","templated":true}]}}