{"id":13427,"date":"2014-05-06T19:43:54","date_gmt":"2014-05-06T22:43:54","guid":{"rendered":"http:\/\/www.cordobatimes.com\/deportes\/?p=13427"},"modified":"2014-05-06T19:43:54","modified_gmt":"2014-05-06T22:43:54","slug":"ya-estan-los-18-convocados","status":"publish","type":"post","link":"https:\/\/www.cordobatimes.com\/deportes\/polideportivo\/2014\/05\/06\/ya-estan-los-18-convocados\/","title":{"rendered":"Ya est\u00e1n los 18 convocados"},"content":{"rendered":"<h3 style=\"text-align: justify;\"><a href=\"http:\/\/www.cordobatimes.com\/deportes\/wp-content\/uploads\/2014\/05\/leoness.jpg\"><img loading=\"lazy\" decoding=\"async\" class=\"aligncenter  wp-image-13429\" alt=\"leoness\" src=\"http:\/\/www.cordobatimes.com\/deportes\/wp-content\/uploads\/2014\/05\/leoness.jpg\" width=\"640\" height=\"380\" data-id=\"13429\" \/><\/a><\/h3>\n<h3 style=\"text-align: justify;\"><strong>El entrenador del seleccionado Carlos Retegui dio la lista definitiva de Los Leones que disputar\u00e1n el Mundial de La Haya desde el 1\u00b0 de junio.<\/strong><\/h3>\n<p>&nbsp;<\/p>\n<p style=\"text-align: justify;\">Luego de dar la lista de Las Leonas, a Carlos Retegui le faltaba definir el plantel mundialista de Los Leones, que saldr\u00e1n a jugar en menos de un mes en La Haya y buscar\u00e1n mejorar el s\u00e9ptimo puesto de Nueva Delhi hace cuatro a\u00f1os. El t\u00e9cnico dio la n\u00f3mina este martes en el Cenard, donde los jugadores hacen la puesta a punto y comparten sint\u00e9tico con las chicas.<\/p>\n<p style=\"text-align: justify;\">Entre los 18 hubo tres novedades: Agust\u00edn Abratte, Lucas Mart\u00ednez y Guido Barreiros. Los otros 15 hab\u00edan participado en la gira por Escocia: Juan Manuel Vivaldi, Gonzalo Peillat, Pedro Ibarra, Juan Gilardi, Lucas Rey, Mat\u00edas Rey, Mat\u00edas Paredes, Juan Mart\u00edn L\u00f3pez, Agust\u00edn Mazzilli, Facundo Callioni, Lucas Vila, Manuel Brunet, Guillermo Schickendantz, Lucas Rossi y Joaqu\u00edn Menini. Mientras que Tom\u00e1s Santiago, Alan Andino y Juan Cruz Agulleiro quedaron afuera.<\/p>\n<p style=\"text-align: justify;\">El cordob\u00e9s Abratte, que ahora juega en Ducilo, le gan\u00f3 la pulseada a su coterr\u00e1neo Tom\u00e1s Santiago y entr\u00f3 como suplente de Vivaldi. Mart\u00ednez (Mitre) y Barreiros (San Fernando), delanteros, tambi\u00e9n ingresaron pese a no haber estado en los \u00faltimos amistosos. El debut de Los Leones va a ser el 1\u00b0 de junio contra el local Holanda. Luego enfrentan a Alemania, Nueva Zelanda, Corea y Sud\u00e1frica en el grupo.<\/p>\n<p style=\"text-align: justify;\">Fuente: Ol\u00e9<\/p>\n","protected":false},"excerpt":{"rendered":"<p>El entrenador del seleccionado Carlos Retegui dio la lista definitiva de Los Leones que disputar\u00e1n el Mundial de La Haya desde el 1\u00b0 de junio. &nbsp; Luego de dar la lista de Las Leonas, a Carlos Retegui le faltaba definir el plantel mundialista de Los Leones, que saldr\u00e1n a jugar en menos de un mes [&hellip;]<\/p>\n","protected":false},"author":10,"featured_media":13429,"comment_status":"open","ping_status":"open","sticky":false,"template":"","format":"standard","meta":{"_seopress_robots_primary_cat":"","_seopress_titles_title":"","_seopress_titles_desc":"","_seopress_robots_index":"","footnotes":""},"categories":[6],"tags":[2829,2830,478,2831,1397],"class_list":["post-13427","post","type-post","status-publish","format-standard","has-post-thumbnail","hentry","category-polideportivo","tag-hockey-s-cesped","tag-leones","tag-lista","tag-mundial-de-la-haya","tag-retegui"],"_links":{"self":[{"href":"https:\/\/www.cordobatimes.com\/deportes\/wp-json\/wp\/v2\/posts\/13427","targetHints":{"allow":["GET"]}}],"collection":[{"href":"https:\/\/www.cordobatimes.com\/deportes\/wp-json\/wp\/v2\/posts"}],"about":[{"href":"https:\/\/www.cordobatimes.com\/deportes\/wp-json\/wp\/v2\/types\/post"}],"author":[{"embeddable":true,"href":"https:\/\/www.cordobatimes.com\/deportes\/wp-json\/wp\/v2\/users\/10"}],"replies":[{"embeddable":true,"href":"https:\/\/www.cordobatimes.com\/deportes\/wp-json\/wp\/v2\/comments?post=13427"}],"version-history":[{"count":0,"href":"https:\/\/www.cordobatimes.com\/deportes\/wp-json\/wp\/v2\/posts\/13427\/revisions"}],"wp:featuredmedia":[{"embeddable":true,"href":"https:\/\/www.cordobatimes.com\/deportes\/wp-json\/wp\/v2\/media\/13429"}],"wp:attachment":[{"href":"https:\/\/www.cordobatimes.com\/deportes\/wp-json\/wp\/v2\/media?parent=13427"}],"wp:term":[{"taxonomy":"category","embeddable":true,"href":"https:\/\/www.cordobatimes.com\/deportes\/wp-json\/wp\/v2\/categories?post=13427"},{"taxonomy":"post_tag","embeddable":true,"href":"https:\/\/www.cordobatimes.com\/deportes\/wp-json\/wp\/v2\/tags?post=13427"}],"curies":[{"name":"wp","href":"https:\/\/api.w.org\/{rel}","templated":true}]}}