{"id":13244,"date":"2014-05-03T15:01:47","date_gmt":"2014-05-03T18:01:47","guid":{"rendered":"http:\/\/www.cordobatimes.com\/deportes\/?p=13244"},"modified":"2014-05-03T15:03:55","modified_gmt":"2014-05-03T18:03:55","slug":"wtcc-la-pole-fue-para-muller-pero-pechito-lopez-sigue-con-la-racha-positiva","status":"publish","type":"post","link":"https:\/\/www.cordobatimes.com\/deportes\/automovilismo\/2014\/05\/03\/wtcc-la-pole-fue-para-muller-pero-pechito-lopez-sigue-con-la-racha-positiva\/","title":{"rendered":"WTCC: La pole fue para Muller pero &#8220;Pechito&#8221; Lopez sigue con su racha positiva"},"content":{"rendered":"<h3 style=\"text-align: justify;\"><\/h3>\n<h3 style=\"text-align: justify;\"><a href=\"http:\/\/www.cordobatimes.com\/deportes\/wp-content\/uploads\/2014\/05\/wtcc.jpg\"><img loading=\"lazy\" decoding=\"async\" class=\"size-full wp-image-13245 aligncenter\" alt=\"wtcc\" src=\"http:\/\/www.cordobatimes.com\/deportes\/wp-content\/uploads\/2014\/05\/wtcc.jpg\" width=\"630\" height=\"354\" data-id=\"13245\" srcset=\"https:\/\/www.cordobatimes.com\/deportes\/wp-content\/uploads\/2014\/05\/wtcc.jpg 630w, https:\/\/www.cordobatimes.com\/deportes\/wp-content\/uploads\/2014\/05\/wtcc-300x168.jpg 300w\" sizes=\"auto, (max-width: 630px) 100vw, 630px\" \/><\/a><\/h3>\n<h3 style=\"text-align: justify;\"><\/h3>\n<h3 style=\"text-align: justify;\">Esta vez fue Yvan Muller, quien marc\u00f3 la vuelta r\u00e1pida (1:49.301) por delante de sus compa\u00f1eros de equipo S\u00e9bastien Loeb (1:49.474) y Jos\u00e9 Mar\u00eda L\u00f3pez (1:50.053). Todos ellos mejoraron significativamente en su \u00faltima vuelta y mandando a los coches de Honda de Mehdi Bennani y Norbert Michelisz al cuarto y quinto puesto, respectivamente.<\/h3>\n<p style=\"text-align: justify;\">Tanto Michelisz (1:50.344) y Bennani (1:50.281) hab\u00edan estado liderando la clasificaci\u00f3n provisional, lo que demuestra que el Honda Civic est\u00e1 haciendo un progreso constante. Tom Chilton (1:50.720) se coloc\u00f3 sexto, el mejor de los pilotos de Chevrolet.<br \/>\nUna vez m\u00e1s los coches LADA lucharon por mantenerse en el ritmo y Rob Huff fue el m\u00e1s r\u00e1pido del equipo en la decimotercera posici\u00f3n .<br \/>\nFranz Engstler sigui\u00f3 gobernando en la clase TC2T, marcando la vuelta r\u00e1pida (1:55.948) y superando a su compa\u00f1ero de equipo Pasquale Di Sabatino en una d\u00e9cima.<br \/>\nLa sesi\u00f3n de clasificaci\u00f3n se iniciar\u00e1 a las 14.30.<br \/>\nBorkovic sancionado<br \/>\nDu\u0161an Borkovi\u0107 se clasific\u00f3 d\u00e9cimo en la final de la Q2, y esto habr\u00eda significado la pole position en la parrilla invertida entre los diez primeros de la carrera de ma\u00f1ana<br \/>\nSin embargo, los Comisarios Deportivos decidieron no permitir todos sus tiempos de calificaci\u00f3n despu\u00e9s de que su coche no pasase la comprobaci\u00f3n de la altura de marcha.<\/p>\n<p style=\"text-align: justify;\">Creditos:Wtcc<\/p>\n","protected":false},"excerpt":{"rendered":"<p>Esta vez fue Yvan Muller, quien marc\u00f3 la vuelta r\u00e1pida (1:49.301) por delante de sus compa\u00f1eros de equipo S\u00e9bastien Loeb (1:49.474) y Jos\u00e9 Mar\u00eda L\u00f3pez (1:50.053). Todos ellos mejoraron significativamente en su \u00faltima vuelta y mandando a los coches de Honda de Mehdi Bennani y Norbert Michelisz al cuarto y quinto puesto, respectivamente. Tanto Michelisz [&hellip;]<\/p>\n","protected":false},"author":6,"featured_media":13245,"comment_status":"open","ping_status":"open","sticky":false,"template":"","format":"standard","meta":{"_seopress_robots_primary_cat":"","_seopress_titles_title":"","_seopress_titles_desc":"","_seopress_robots_index":"","footnotes":""},"categories":[1],"tags":[287,2660,413],"class_list":["post-13244","post","type-post","status-publish","format-standard","has-post-thumbnail","hentry","category-automovilismo","tag-pechito-lopez","tag-pechito-lopez-wtcc","tag-wtcc"],"_links":{"self":[{"href":"https:\/\/www.cordobatimes.com\/deportes\/wp-json\/wp\/v2\/posts\/13244","targetHints":{"allow":["GET"]}}],"collection":[{"href":"https:\/\/www.cordobatimes.com\/deportes\/wp-json\/wp\/v2\/posts"}],"about":[{"href":"https:\/\/www.cordobatimes.com\/deportes\/wp-json\/wp\/v2\/types\/post"}],"author":[{"embeddable":true,"href":"https:\/\/www.cordobatimes.com\/deportes\/wp-json\/wp\/v2\/users\/6"}],"replies":[{"embeddable":true,"href":"https:\/\/www.cordobatimes.com\/deportes\/wp-json\/wp\/v2\/comments?post=13244"}],"version-history":[{"count":0,"href":"https:\/\/www.cordobatimes.com\/deportes\/wp-json\/wp\/v2\/posts\/13244\/revisions"}],"wp:featuredmedia":[{"embeddable":true,"href":"https:\/\/www.cordobatimes.com\/deportes\/wp-json\/wp\/v2\/media\/13245"}],"wp:attachment":[{"href":"https:\/\/www.cordobatimes.com\/deportes\/wp-json\/wp\/v2\/media?parent=13244"}],"wp:term":[{"taxonomy":"category","embeddable":true,"href":"https:\/\/www.cordobatimes.com\/deportes\/wp-json\/wp\/v2\/categories?post=13244"},{"taxonomy":"post_tag","embeddable":true,"href":"https:\/\/www.cordobatimes.com\/deportes\/wp-json\/wp\/v2\/tags?post=13244"}],"curies":[{"name":"wp","href":"https:\/\/api.w.org\/{rel}","templated":true}]}}