{"id":13237,"date":"2014-05-03T13:03:32","date_gmt":"2014-05-03T16:03:32","guid":{"rendered":"http:\/\/www.cordobatimes.com\/deportes\/?p=13237"},"modified":"2014-05-03T13:03:32","modified_gmt":"2014-05-03T16:03:32","slug":"donde-podra-verse-la-pelea-del-ano","status":"publish","type":"post","link":"https:\/\/www.cordobatimes.com\/deportes\/boxeo\/2014\/05\/03\/donde-podra-verse-la-pelea-del-ano\/","title":{"rendered":"\u00bfD\u00f3nde podr\u00e1 verse la &#8220;pelea del a\u00f1o&#8221;?"},"content":{"rendered":"<h3><strong><a href=\"http:\/\/www.cordobatimes.com\/deportes\/wp-content\/uploads\/2014\/05\/Mayweather-Maidana.jpg\"><img loading=\"lazy\" decoding=\"async\" class=\"size-full wp-image-13238 aligncenter\" alt=\"Mayweather - Maidana\" src=\"http:\/\/www.cordobatimes.com\/deportes\/wp-content\/uploads\/2014\/05\/Mayweather-Maidana.jpg\" width=\"635\" height=\"356\" data-id=\"13238\" srcset=\"https:\/\/www.cordobatimes.com\/deportes\/wp-content\/uploads\/2014\/05\/Mayweather-Maidana.jpg 635w, https:\/\/www.cordobatimes.com\/deportes\/wp-content\/uploads\/2014\/05\/Mayweather-Maidana-300x168.jpg 300w\" sizes=\"auto, (max-width: 635px) 100vw, 635px\" \/><\/a><\/strong><\/h3>\n<h3><strong>Floyd Mayweather y Marcos Maidana animar\u00e1n esta noche un combate muy esperado en el mundo del boxeo. El argentino buscar\u00e1 dar el golpe ante uno de los mejores pugilistas del planeta. Entr\u00e1 y enterate los datos m\u00e1s importantes sobre la transmisi\u00f3n televisiva.<\/strong><\/h3>\n<p>&nbsp;<\/p>\n<p>La velada ser\u00e1 en el MGM de Las Vegas, donde el Chino Maidana ir\u00e1 de punto pero con las esperanzas intactas de subirse a lo m\u00e1s alto de la historia del deporte argentino.<\/p>\n<p>Para nuestro pa\u00eds, la transmisi\u00f3n estar\u00e1 a cargo de la TV P\u00fablica, con la previa comenzando a las 22 horas. A su vez, para toda Latinoam\u00e9rica, la se\u00f1al encargada de transmitirla ser\u00e1 &#8220;Combate Space&#8221;. Las peleas &#8220;teloneras&#8221; ser\u00e1n:\u00a0Amir Khan vs Luis Collazo y Adrien Broner vs Carlos Molina.<\/p>\n<p>Desde la organizaci\u00f3n estiman que el duelo principal, entre Mayweather y Maidana, tendr\u00e1 su inicio a las 00.30.<\/p>\n","protected":false},"excerpt":{"rendered":"<p>Floyd Mayweather y Marcos Maidana animar\u00e1n esta noche un combate muy esperado en el mundo del boxeo. El argentino buscar\u00e1 dar el golpe ante uno de los mejores pugilistas del planeta. Entr\u00e1 y enterate los datos m\u00e1s importantes sobre la transmisi\u00f3n televisiva. &nbsp; La velada ser\u00e1 en el MGM de Las Vegas, donde el Chino [&hellip;]<\/p>\n","protected":false},"author":2,"featured_media":13238,"comment_status":"open","ping_status":"open","sticky":false,"template":"","format":"standard","meta":{"_seopress_robots_primary_cat":"","_seopress_titles_title":"","_seopress_titles_desc":"","_seopress_robots_index":"","footnotes":""},"categories":[7],"tags":[2797,493,2793,2695],"class_list":["post-13237","post","type-post","status-publish","format-standard","has-post-thumbnail","hentry","category-boxeo","tag-donde-puedo-ver-la-pelea-mayweather-maidana","tag-floyd-mayweather","tag-la-pelea-del-ano","tag-marcos-maidana"],"_links":{"self":[{"href":"https:\/\/www.cordobatimes.com\/deportes\/wp-json\/wp\/v2\/posts\/13237","targetHints":{"allow":["GET"]}}],"collection":[{"href":"https:\/\/www.cordobatimes.com\/deportes\/wp-json\/wp\/v2\/posts"}],"about":[{"href":"https:\/\/www.cordobatimes.com\/deportes\/wp-json\/wp\/v2\/types\/post"}],"author":[{"embeddable":true,"href":"https:\/\/www.cordobatimes.com\/deportes\/wp-json\/wp\/v2\/users\/2"}],"replies":[{"embeddable":true,"href":"https:\/\/www.cordobatimes.com\/deportes\/wp-json\/wp\/v2\/comments?post=13237"}],"version-history":[{"count":0,"href":"https:\/\/www.cordobatimes.com\/deportes\/wp-json\/wp\/v2\/posts\/13237\/revisions"}],"wp:featuredmedia":[{"embeddable":true,"href":"https:\/\/www.cordobatimes.com\/deportes\/wp-json\/wp\/v2\/media\/13238"}],"wp:attachment":[{"href":"https:\/\/www.cordobatimes.com\/deportes\/wp-json\/wp\/v2\/media?parent=13237"}],"wp:term":[{"taxonomy":"category","embeddable":true,"href":"https:\/\/www.cordobatimes.com\/deportes\/wp-json\/wp\/v2\/categories?post=13237"},{"taxonomy":"post_tag","embeddable":true,"href":"https:\/\/www.cordobatimes.com\/deportes\/wp-json\/wp\/v2\/tags?post=13237"}],"curies":[{"name":"wp","href":"https:\/\/api.w.org\/{rel}","templated":true}]}}