{"id":13209,"date":"2014-05-02T22:45:15","date_gmt":"2014-05-03T01:45:15","guid":{"rendered":"http:\/\/www.cordobatimes.com\/deportes\/?p=13209"},"modified":"2014-05-02T22:45:15","modified_gmt":"2014-05-03T01:45:15","slug":"super-tc2000-asi-sera-el-handicap-para-cordoba","status":"publish","type":"post","link":"https:\/\/www.cordobatimes.com\/deportes\/automovilismo\/2014\/05\/02\/super-tc2000-asi-sera-el-handicap-para-cordoba\/","title":{"rendered":"S\u00faper TC2000: As\u00ed ser\u00e1 el handicap para C\u00f3rdoba"},"content":{"rendered":"<h3 style=\"text-align: justify;\"><a href=\"http:\/\/www.cordobatimes.com\/deportes\/wp-content\/uploads\/2014\/05\/TC2000.jpg\"><img loading=\"lazy\" decoding=\"async\" class=\"size-full wp-image-13210 aligncenter\" alt=\"TC2000\" src=\"http:\/\/www.cordobatimes.com\/deportes\/wp-content\/uploads\/2014\/05\/TC2000.jpg\" width=\"502\" height=\"416\" data-id=\"13210\" srcset=\"https:\/\/www.cordobatimes.com\/deportes\/wp-content\/uploads\/2014\/05\/TC2000.jpg 502w, https:\/\/www.cordobatimes.com\/deportes\/wp-content\/uploads\/2014\/05\/TC2000-300x248.jpg 300w\" sizes=\"auto, (max-width: 502px) 100vw, 502px\" \/><\/a><\/h3>\n<h3 style=\"text-align: justify;\">Norberto Fontana (Chevrolet YPF), ganador de las dos primeras carreras del a\u00f1o y puntero del campeonato, retroceder\u00e1 16 puestos al cabo de la clasificaci\u00f3n. Aqu\u00ed, c\u00f3mo y qui\u00e9nes son los que penalizan.<\/h3>\n<p style=\"text-align: justify;\">\n<p style=\"text-align: justify;\">La tercera fecha del Campeonato Argentino de S\u00faper TC2000 comenzar\u00e1 ma\u00f1ana en el aut\u00f3dromo Oscar Cabal\u00e9n de C\u00f3rdoba. Y como en la cita anterior, Norberto Fontana con su Chevrolet Cruze del equipo Chevrolet YPF ser\u00e1 el que m\u00e1s puestos tendr\u00e1 que retroceder tras la clasificaci\u00f3n por el sistema de h\u00e1ndicap.<\/p>\n<p style=\"text-align: justify;\">Tras vencer en las dos primeras fechas del campeonato y ser el l\u00edder del torneo, el ex F\u00f3rmula 1 penaliza con 16 puestos. \u00bfEl resto? N\u00e9stor Girolami (Peugeot LoJack Team), perder\u00e1 14 lugares, Facundo Ardusso (Fiat Petronas), 12; Mariano Werner (Fiat Petronas), 10; Juli\u00e1n Santero (Peugeot LoJack Team), 8; Guillermo Ortelli (Renault LoJack Team), 6; Agust\u00edn Canapino (Peugeot LoJack Team), 4 y Facundo Chapur (Fe Peugeot Junior Lequipe), 2.<\/p>\n<p style=\"text-align: justify;\">La competencia de Viedma, en la que Fontana logr\u00f3 su segundo triunfo consecutivo tras largar desde el fondo, fue un antecedente que ilusiona para vivir espect\u00e1culo puro en un aut\u00f3dromo muy conocido por el S\u00faper TC2000, como lo es el Cabal\u00e9n de C\u00f3rdoba.<\/p>\n<p style=\"text-align: justify;\">\n<p style=\"text-align: justify;\">Prensa STC2000<\/p>\n","protected":false},"excerpt":{"rendered":"<p>Norberto Fontana (Chevrolet YPF), ganador de las dos primeras carreras del a\u00f1o y puntero del campeonato, retroceder\u00e1 16 puestos al cabo de la clasificaci\u00f3n. Aqu\u00ed, c\u00f3mo y qui\u00e9nes son los que penalizan. La tercera fecha del Campeonato Argentino de S\u00faper TC2000 comenzar\u00e1 ma\u00f1ana en el aut\u00f3dromo Oscar Cabal\u00e9n de C\u00f3rdoba. Y como en la cita [&hellip;]<\/p>\n","protected":false},"author":6,"featured_media":13210,"comment_status":"open","ping_status":"open","sticky":false,"template":"","format":"standard","meta":{"_seopress_robots_primary_cat":"","_seopress_titles_title":"","_seopress_titles_desc":"","_seopress_robots_index":"","footnotes":""},"categories":[1,10],"tags":[2792,521,2791],"class_list":["post-13209","post","type-post","status-publish","format-standard","has-post-thumbnail","hentry","category-automovilismo","category-super-tc-2000","tag-super-tc-2000-autodromo-oscar-cabalen","tag-super-tc2000","tag-supertc2000-en-cordoba"],"_links":{"self":[{"href":"https:\/\/www.cordobatimes.com\/deportes\/wp-json\/wp\/v2\/posts\/13209","targetHints":{"allow":["GET"]}}],"collection":[{"href":"https:\/\/www.cordobatimes.com\/deportes\/wp-json\/wp\/v2\/posts"}],"about":[{"href":"https:\/\/www.cordobatimes.com\/deportes\/wp-json\/wp\/v2\/types\/post"}],"author":[{"embeddable":true,"href":"https:\/\/www.cordobatimes.com\/deportes\/wp-json\/wp\/v2\/users\/6"}],"replies":[{"embeddable":true,"href":"https:\/\/www.cordobatimes.com\/deportes\/wp-json\/wp\/v2\/comments?post=13209"}],"version-history":[{"count":0,"href":"https:\/\/www.cordobatimes.com\/deportes\/wp-json\/wp\/v2\/posts\/13209\/revisions"}],"wp:featuredmedia":[{"embeddable":true,"href":"https:\/\/www.cordobatimes.com\/deportes\/wp-json\/wp\/v2\/media\/13210"}],"wp:attachment":[{"href":"https:\/\/www.cordobatimes.com\/deportes\/wp-json\/wp\/v2\/media?parent=13209"}],"wp:term":[{"taxonomy":"category","embeddable":true,"href":"https:\/\/www.cordobatimes.com\/deportes\/wp-json\/wp\/v2\/categories?post=13209"},{"taxonomy":"post_tag","embeddable":true,"href":"https:\/\/www.cordobatimes.com\/deportes\/wp-json\/wp\/v2\/tags?post=13209"}],"curies":[{"name":"wp","href":"https:\/\/api.w.org\/{rel}","templated":true}]}}