{"id":13200,"date":"2014-05-02T21:11:47","date_gmt":"2014-05-03T00:11:47","guid":{"rendered":"http:\/\/www.cordobatimes.com\/deportes\/?p=13200"},"modified":"2014-05-02T21:52:51","modified_gmt":"2014-05-03T00:52:51","slug":"analisis-de-los-candidatos-sexta-entrega-argentina","status":"publish","type":"post","link":"https:\/\/www.cordobatimes.com\/deportes\/futbol\/2014\/05\/02\/analisis-de-los-candidatos-sexta-entrega-argentina\/","title":{"rendered":"An\u00e1lisis de los candidatos. Sexta entrega: Argentina"},"content":{"rendered":"<h3><b><a href=\"http:\/\/www.cordobatimes.com\/deportes\/wp-content\/uploads\/2014\/05\/argentine_players_pose_before_the_start_of_their_brazil_2014_fifa_world_cup_south_american_qualifier_football_match_against_paraguay_at_defensores_del_chaco_stadium_in_asuncion_paraguay_on_september_10_2013_2.jpg\"><img loading=\"lazy\" decoding=\"async\" class=\"size-full wp-image-13203 aligncenter\" alt=\"argentine_players_pose_before_the_start_of_their_brazil_2014_fifa_world_cup_south_american_qualifier_football_match_against_paraguay_at_defensores_del_chaco_stadium_in_asuncion_paraguay_on_september_10_2013_2\" src=\"http:\/\/www.cordobatimes.com\/deportes\/wp-content\/uploads\/2014\/05\/argentine_players_pose_before_the_start_of_their_brazil_2014_fifa_world_cup_south_american_qualifier_football_match_against_paraguay_at_defensores_del_chaco_stadium_in_asuncion_paraguay_on_september_10_2013_2.jpg\" width=\"700\" height=\"500\" data-id=\"13203\" srcset=\"https:\/\/www.cordobatimes.com\/deportes\/wp-content\/uploads\/2014\/05\/argentine_players_pose_before_the_start_of_their_brazil_2014_fifa_world_cup_south_american_qualifier_football_match_against_paraguay_at_defensores_del_chaco_stadium_in_asuncion_paraguay_on_september_10_2013_2.jpg 700w, https:\/\/www.cordobatimes.com\/deportes\/wp-content\/uploads\/2014\/05\/argentine_players_pose_before_the_start_of_their_brazil_2014_fifa_world_cup_south_american_qualifier_football_match_against_paraguay_at_defensores_del_chaco_stadium_in_asuncion_paraguay_on_september_10_2013_2-300x214.jpg 300w\" sizes=\"auto, (max-width: 700px) 100vw, 700px\" \/><\/a><\/b><\/h3>\n<h3><b>L<\/b>a selecci\u00f3n nacional de f\u00fatbol buscar\u00e1 romper el maleficio de 21 a\u00f1os sin lograr t\u00edtulo alguno en su categor\u00eda mayor. Con un potencial que siempre le otorga el mote de posible campe\u00f3n, intentar\u00e1 sacarse la mala suerte en el pa\u00eds vecino y m\u00e1ximo rival en cuanto a lo futbol\u00edstico.<\/h3>\n<p>&nbsp;<\/p>\n<p>Dos campeonatos mundiales en 1978 y 1986, otros dos subcampeonatos en 1930 y 1990, dos juegos Ol\u00edmpicos, en Atenas y Beijing, demuestran que Argentina es una de las potencias mundiales, un escal\u00f3n por detr\u00e1s de Alemania y Brasil, en cuanto a t\u00edtulos.<\/p>\n<p>Alejandro Sabella es el encargado de comandar a la albiceleste, utilizando una t\u00e1ctica principal 4-3-3, con Lionel Messi como emblema, y sus laderos ofensivos Di Mar\u00eda, Ag\u00fcero e Higua\u00edn.<\/p>\n<p>En partidos donde puede llegar a complicarse el tr\u00e1mite o busca aguantar el resultado, Sabella opta por un 4-4-2 o un 5-3-2, en casos extremos como lo fue durante las eliminatorias jugando en pa\u00edses de mucha altura, como Bolivia, Per\u00fa o Ecuador.<\/p>\n<p>El plantel esta practicante definido, salvo algunos lugares vacantes que restan definir, entre ellos suenan Nicol\u00e1s Gait\u00e1n, Eduardo Salvio, Esteban Cambiasso y Nicol\u00e1s Otamendi<\/p>\n<p>Una de las m\u00e1ximas figuras argentinas no estar\u00e1 presente en Brasil 2014. Debido a una decisi\u00f3n personal de Sabella, quien decidi\u00f3 no contar con \u00e9l,\u00a0 Carlos Tevez\u00a0 se perder\u00e1 la cita m\u00e1xima del futbol mundial.<\/p>\n<p>&nbsp;<\/p>\n<p><strong>FIGURAS<\/strong><\/p>\n<p style=\"text-align: center;\"><a href=\"http:\/\/www.cordobatimes.com\/deportes\/wp-content\/uploads\/2014\/05\/181341-08_02_2013_10_16_14_1418787794.jpg\"><img loading=\"lazy\" decoding=\"async\" class=\"size-full wp-image-13202 aligncenter\" alt=\"181341-08_02_2013_10_16_14_1418787794\" src=\"http:\/\/www.cordobatimes.com\/deportes\/wp-content\/uploads\/2014\/05\/181341-08_02_2013_10_16_14_1418787794.jpg\" width=\"445\" height=\"310\" data-id=\"13202\" srcset=\"https:\/\/www.cordobatimes.com\/deportes\/wp-content\/uploads\/2014\/05\/181341-08_02_2013_10_16_14_1418787794.jpg 445w, https:\/\/www.cordobatimes.com\/deportes\/wp-content\/uploads\/2014\/05\/181341-08_02_2013_10_16_14_1418787794-300x208.jpg 300w\" sizes=\"auto, (max-width: 445px) 100vw, 445px\" \/><\/a><\/p>\n<p>&nbsp;<\/p>\n<p>Lionel Messi: se han acabado los adjetivos para describir sus cualidades y su historia es conocida mundialmente hasta el hartazgo, nos limitaremos a mencionar que este puede ser \u201cSu\u201d torneo, ya que llega con la madurez y la cantidad de t\u00edtulos personales suficientes como para demostrar finalmente y no dejar duda alguna que es el mejor jugador del Mundo.<\/p>\n<p>Ser\u00e1 el capit\u00e1n de Argentina, llevar\u00e1 el dorsal n\u00famero 10, aquel que uso Diego Maradona y es la esperanza de todo el pueblo futbolero.<\/p>\n<p style=\"text-align: center;\"><a href=\"http:\/\/www.cordobatimes.com\/deportes\/wp-content\/uploads\/2014\/05\/Kun.jpg\"><img loading=\"lazy\" decoding=\"async\" class=\"size-full wp-image-13205 aligncenter\" alt=\"Kun\" src=\"http:\/\/www.cordobatimes.com\/deportes\/wp-content\/uploads\/2014\/05\/Kun.jpg\" width=\"570\" height=\"355\" data-id=\"13205\" srcset=\"https:\/\/www.cordobatimes.com\/deportes\/wp-content\/uploads\/2014\/05\/Kun.jpg 570w, https:\/\/www.cordobatimes.com\/deportes\/wp-content\/uploads\/2014\/05\/Kun-300x186.jpg 300w\" sizes=\"auto, (max-width: 570px) 100vw, 570px\" \/><\/a><\/p>\n<p>&nbsp;<\/p>\n<p>Sergio Ag\u00fcero: el Kun es un centro delantero potente y peque\u00f1o, pero rudo a la vez, comparado con el astro brasilero Romario por sus cualidades en el campo de juego, y la facilidad para desprenderse de rivales definiendo con suma tranquilidad en los metros finales.<\/p>\n<p>Debut\u00f3 en Independiente con solo 15 a\u00f1os, pas\u00f3 por el Atl\u00e9tico de Madrid y actualmente es un s\u00edmbolo del Manchester City. Es el sue\u00f1o de Florentino P\u00e9rez, presidente del Real Madrid.<\/p>\n<p>Ag\u00fcero logr\u00f3 el mundial Sub 20 al lado de Messi, derrotando en la Final de aquella competici\u00f3n a Nigeria en el a\u00f1o 2005, actual rival argentino en Brasil. Dos a\u00f1os despu\u00e9s se consagrar\u00eda goleador del mundial juvenil 2007 disputado en Canad\u00e1, siendo el capit\u00e1n del seleccionado.<\/p>\n<p><a href=\"http:\/\/www.cordobatimes.com\/deportes\/wp-content\/uploads\/2014\/05\/Higua\u00edn-festeja-el-primer-gol.jpg\"><img loading=\"lazy\" decoding=\"async\" class=\"alignnone size-full wp-image-13204\" alt=\"Higua\u00edn-festeja-el-primer-gol\" src=\"http:\/\/www.cordobatimes.com\/deportes\/wp-content\/uploads\/2014\/05\/Higua\u00edn-festeja-el-primer-gol.jpg\" width=\"924\" height=\"530\" data-id=\"13204\" srcset=\"https:\/\/www.cordobatimes.com\/deportes\/wp-content\/uploads\/2014\/05\/Higua\u00edn-festeja-el-primer-gol.jpg 924w, https:\/\/www.cordobatimes.com\/deportes\/wp-content\/uploads\/2014\/05\/Higua\u00edn-festeja-el-primer-gol-300x172.jpg 300w, https:\/\/www.cordobatimes.com\/deportes\/wp-content\/uploads\/2014\/05\/Higua\u00edn-festeja-el-primer-gol-305x175.jpg 305w\" sizes=\"auto, (max-width: 924px) 100vw, 924px\" \/><\/a><\/p>\n<p>&nbsp;<\/p>\n<p>Gonzalo Higua\u00edn: brillante delantero surgido de la cantera de River Plate. Goleador que se destac\u00f3 desde su debut convirtiendo en 1ra divisi\u00f3n domingo a domingo con los colores de la Banda millonaria, lo que le vali\u00f3 el traspaso al poderoso Real Madrid con solo 20 a\u00f1os. Luego de 6 temporadas en el merengue, el Napoli de Italia se hizo con sus servicios, donde lleva jugados 32 parridos con 17 goles.<\/p>\n<p style=\"text-align: center;\"><a href=\"http:\/\/www.cordobatimes.com\/deportes\/wp-content\/uploads\/2014\/05\/39826hp2.jpg\"><img loading=\"lazy\" decoding=\"async\" class=\" wp-image-13201 aligncenter\" alt=\"39826hp2\" src=\"http:\/\/www.cordobatimes.com\/deportes\/wp-content\/uploads\/2014\/05\/39826hp2.jpg\" width=\"488\" height=\"355\" data-id=\"13201\" srcset=\"https:\/\/www.cordobatimes.com\/deportes\/wp-content\/uploads\/2014\/05\/39826hp2.jpg 488w, https:\/\/www.cordobatimes.com\/deportes\/wp-content\/uploads\/2014\/05\/39826hp2-300x218.jpg 300w\" sizes=\"auto, (max-width: 488px) 100vw, 488px\" \/><\/a><\/p>\n<p>&nbsp;<\/p>\n<p>\u00c1ngel Di Mar\u00eda: extremo izquierdo o derecho que cuenta con una versatilidad en el campo muy poco vista en el futbol actual. Es capaz de recorrer todo el campo en segundos, quitando balones en defensa y llegando en la misma jugada al borde de la cancha y lanzar un centro buscando la cabeza de alg\u00fan delantero o simplemente terminando la jugada con un disparo potente y preciso. Una zurda prodigiosa en cuanto a balones largos y disparos de media distancia.<\/p>\n<p>Debut\u00f3 en Rosario Central en 2005 y en 2007 fue vendido al Benfica de Portugal donde disputo 3 temporadas llenando los ojos de los equipos m\u00e1s importantes de Europa. El Real Madrid fue quien lo contrat\u00f3 y se desempe\u00f1a como titular desde hace ya 3 a\u00f1os en el conjunto blanco.<\/p>\n","protected":false},"excerpt":{"rendered":"<p>La selecci\u00f3n nacional de f\u00fatbol buscar\u00e1 romper el maleficio de 21 a\u00f1os sin lograr t\u00edtulo alguno en su categor\u00eda mayor. Con un potencial que siempre le otorga el mote de posible campe\u00f3n, intentar\u00e1 sacarse la mala suerte en el pa\u00eds vecino y m\u00e1ximo rival en cuanto a lo futbol\u00edstico. &nbsp; Dos campeonatos mundiales en 1978 [&hellip;]<\/p>\n","protected":false},"author":20,"featured_media":13203,"comment_status":"open","ping_status":"open","sticky":false,"template":"","format":"standard","meta":{"_seopress_robots_primary_cat":"","_seopress_titles_title":"","_seopress_titles_desc":"","_seopress_robots_index":"","footnotes":""},"categories":[2,22],"tags":[26,476,107],"class_list":["post-13200","post","type-post","status-publish","format-standard","has-post-thumbnail","hentry","category-futbol","category-mundial-brasil-2014","tag-argentina","tag-brasil-2014","tag-copa-del-mundo"],"_links":{"self":[{"href":"https:\/\/www.cordobatimes.com\/deportes\/wp-json\/wp\/v2\/posts\/13200","targetHints":{"allow":["GET"]}}],"collection":[{"href":"https:\/\/www.cordobatimes.com\/deportes\/wp-json\/wp\/v2\/posts"}],"about":[{"href":"https:\/\/www.cordobatimes.com\/deportes\/wp-json\/wp\/v2\/types\/post"}],"author":[{"embeddable":true,"href":"https:\/\/www.cordobatimes.com\/deportes\/wp-json\/wp\/v2\/users\/20"}],"replies":[{"embeddable":true,"href":"https:\/\/www.cordobatimes.com\/deportes\/wp-json\/wp\/v2\/comments?post=13200"}],"version-history":[{"count":0,"href":"https:\/\/www.cordobatimes.com\/deportes\/wp-json\/wp\/v2\/posts\/13200\/revisions"}],"wp:featuredmedia":[{"embeddable":true,"href":"https:\/\/www.cordobatimes.com\/deportes\/wp-json\/wp\/v2\/media\/13203"}],"wp:attachment":[{"href":"https:\/\/www.cordobatimes.com\/deportes\/wp-json\/wp\/v2\/media?parent=13200"}],"wp:term":[{"taxonomy":"category","embeddable":true,"href":"https:\/\/www.cordobatimes.com\/deportes\/wp-json\/wp\/v2\/categories?post=13200"},{"taxonomy":"post_tag","embeddable":true,"href":"https:\/\/www.cordobatimes.com\/deportes\/wp-json\/wp\/v2\/tags?post=13200"}],"curies":[{"name":"wp","href":"https:\/\/api.w.org\/{rel}","templated":true}]}}