{"id":13167,"date":"2014-05-01T18:18:19","date_gmt":"2014-05-01T21:18:19","guid":{"rendered":"http:\/\/www.cordobatimes.com\/deportes\/?p=13167"},"modified":"2014-05-01T18:18:43","modified_gmt":"2014-05-01T21:18:43","slug":"talleres-ghiso-confirmo-el-equipo-para-recibir-a-boca-unidos","status":"publish","type":"post","link":"https:\/\/www.cordobatimes.com\/deportes\/futbol\/2014\/05\/01\/talleres-ghiso-confirmo-el-equipo-para-recibir-a-boca-unidos\/","title":{"rendered":"Talleres: Ghiso confirm\u00f3 el equipo para recibir a Boca Unidos"},"content":{"rendered":"<p style=\"text-align: center;\"><span style=\"color: #888888;\"><a href=\"http:\/\/www.cordobatimes.com\/deportes\/wp-content\/uploads\/2014\/05\/vitrola.jpg\"><img loading=\"lazy\" decoding=\"async\" class=\"size-full wp-image-13168 aligncenter\" alt=\"vitrola\" src=\"http:\/\/www.cordobatimes.com\/deportes\/wp-content\/uploads\/2014\/05\/vitrola.jpg\" width=\"520\" height=\"312\" data-id=\"13168\" srcset=\"https:\/\/www.cordobatimes.com\/deportes\/wp-content\/uploads\/2014\/05\/vitrola.jpg 520w, https:\/\/www.cordobatimes.com\/deportes\/wp-content\/uploads\/2014\/05\/vitrola-300x179.jpg 300w\" sizes=\"auto, (max-width: 520px) 100vw, 520px\" \/><\/a><\/span><\/p>\n<h3 style=\"text-align: justify;\"><b>Esta ma\u00f1ana \u201cVitrola\u201d Ghiso confirm\u00f3 los once que recibir\u00e1n el s\u00e1bado, a las 19, a Boca Unidos de Corrientes.\u00a0 Ser\u00e1 otra final para la \u201cT\u201d.<\/b><\/h3>\n<p style=\"text-align: justify;\">\n<p style=\"text-align: justify;\">Talleres se entren\u00f3 esta ma\u00f1ana en La Boutique, y luego del mismo, el DT Jorge Ghiso confirm\u00f3 la alineaci\u00f3n titular para recibir a los correntinos. Tal como se especulaba, respecto al equipo que viene de igualar con Brown de Adrogu\u00e9, habr\u00e1 solo una modificaci\u00f3n: El\u00edas Bazzi ingresa por Jos\u00e9 Shaffer (le dieron dos fechas de suspensi\u00f3n).<\/p>\n<p style=\"text-align: justify;\">De esta manera, los once del \u201cMatador\u201d ser\u00e1n: Pablo Santillo; Gast\u00f3n Bottino, Esteban Burgos, Renzo Vera, El\u00edas Bazzi; Ezequiel Barrionuevo, Agust\u00edn D\u00edaz, Nery Leyes, Cristian Pav\u00f3n; Fabio \u00c1lvarez y Gonzalo Klusener. El banco de relevos ser\u00e1 completado por: Acosta, Avenda\u00f1o, Vega, Carabajal, Brites Ojeda, Tevez y S\u00e1nchez Sotelo.<\/p>\n<p style=\"text-align: justify;\">Para el albiazul este choque ser\u00e1 una verdadera final, teniendo en cuenta que solo quedan 7 fechas y el equipo sigue hundido en la zona de descenso. La \u201cT\u201d debe ganar y esperar que sus competidores no lo hagan para as\u00ed mantener la categor\u00eda.<\/p>\n<p style=\"text-align: justify;\">Respecto a la venta de entradas, ma\u00f1ana viernes se las podr\u00e1 obtener de 10 a 14 Hs en el local de V\u00eda Nueva (Plateas y Populares). El s\u00e1bado se estar\u00e1n comercializando de 10 a 14 en las boleter\u00edas de La Boutique (solo populares), y tambi\u00e9n en V\u00eda Nueva (solo plateas). A partir de las 17 se expender\u00e1n las plateas restantes en el Kempes. Los precios son de; Popular: $65; Menores, Damas y jubilados a popular: $35; Platea Gasparini: $110; Platea Ardiles: $140; Menores, damas y jubilados a platea: $50<\/p>\n","protected":false},"excerpt":{"rendered":"<p>Esta ma\u00f1ana \u201cVitrola\u201d Ghiso confirm\u00f3 los once que recibir\u00e1n el s\u00e1bado, a las 19, a Boca Unidos de Corrientes.\u00a0 Ser\u00e1 otra final para la \u201cT\u201d. Talleres se entren\u00f3 esta ma\u00f1ana en La Boutique, y luego del mismo, el DT Jorge Ghiso confirm\u00f3 la alineaci\u00f3n titular para recibir a los correntinos. Tal como se especulaba, respecto [&hellip;]<\/p>\n","protected":false},"author":15,"featured_media":13168,"comment_status":"open","ping_status":"open","sticky":false,"template":"","format":"standard","meta":{"_seopress_robots_primary_cat":"","_seopress_titles_title":"","_seopress_titles_desc":"","_seopress_robots_index":"","footnotes":""},"categories":[2,17],"tags":[329,350,2249,40],"class_list":["post-13167","post","type-post","status-publish","format-standard","has-post-thumbnail","hentry","category-futbol","category-nacional-b","tag-boca-unidos","tag-descenso","tag-primera-b-nacional","tag-talleres"],"_links":{"self":[{"href":"https:\/\/www.cordobatimes.com\/deportes\/wp-json\/wp\/v2\/posts\/13167","targetHints":{"allow":["GET"]}}],"collection":[{"href":"https:\/\/www.cordobatimes.com\/deportes\/wp-json\/wp\/v2\/posts"}],"about":[{"href":"https:\/\/www.cordobatimes.com\/deportes\/wp-json\/wp\/v2\/types\/post"}],"author":[{"embeddable":true,"href":"https:\/\/www.cordobatimes.com\/deportes\/wp-json\/wp\/v2\/users\/15"}],"replies":[{"embeddable":true,"href":"https:\/\/www.cordobatimes.com\/deportes\/wp-json\/wp\/v2\/comments?post=13167"}],"version-history":[{"count":0,"href":"https:\/\/www.cordobatimes.com\/deportes\/wp-json\/wp\/v2\/posts\/13167\/revisions"}],"wp:featuredmedia":[{"embeddable":true,"href":"https:\/\/www.cordobatimes.com\/deportes\/wp-json\/wp\/v2\/media\/13168"}],"wp:attachment":[{"href":"https:\/\/www.cordobatimes.com\/deportes\/wp-json\/wp\/v2\/media?parent=13167"}],"wp:term":[{"taxonomy":"category","embeddable":true,"href":"https:\/\/www.cordobatimes.com\/deportes\/wp-json\/wp\/v2\/categories?post=13167"},{"taxonomy":"post_tag","embeddable":true,"href":"https:\/\/www.cordobatimes.com\/deportes\/wp-json\/wp\/v2\/tags?post=13167"}],"curies":[{"name":"wp","href":"https:\/\/api.w.org\/{rel}","templated":true}]}}