{"id":13127,"date":"2014-04-30T19:53:09","date_gmt":"2014-04-30T22:53:09","guid":{"rendered":"http:\/\/www.cordobatimes.com\/deportes\/?p=13127"},"modified":"2014-04-30T19:53:09","modified_gmt":"2014-04-30T22:53:09","slug":"allanaron-la-casa-y-las-oficinas-de-daniel-passarella","status":"publish","type":"post","link":"https:\/\/www.cordobatimes.com\/deportes\/futbol\/2014\/04\/30\/allanaron-la-casa-y-las-oficinas-de-daniel-passarella\/","title":{"rendered":"Allanaron la casa y las oficinas de Daniel Passarella"},"content":{"rendered":"<h3 style=\"text-align: justify;\"><a href=\"http:\/\/www.cordobatimes.com\/deportes\/wp-content\/uploads\/2013\/12\/Passarella.jpg\"><img loading=\"lazy\" decoding=\"async\" class=\"aligncenter  wp-image-5114\" alt=\"Passarella\" src=\"http:\/\/www.cordobatimes.com\/deportes\/wp-content\/uploads\/2013\/12\/Passarella.jpg\" width=\"640\" height=\"480\" data-id=\"5114\" srcset=\"https:\/\/www.cordobatimes.com\/deportes\/wp-content\/uploads\/2013\/12\/Passarella.jpg 600w, https:\/\/www.cordobatimes.com\/deportes\/wp-content\/uploads\/2013\/12\/Passarella-300x225.jpg 300w\" sizes=\"auto, (max-width: 640px) 100vw, 640px\" \/><\/a><\/h3>\n<h3 style=\"text-align: justify;\"><strong>La Justicia investig\u00f3 el domicilio y las oficinas del expresidente de River en el marco de la causa por la que se investigan hechos de presunta administraci\u00f3n fraudulenta durante su gesti\u00f3n, entre 2009 y 2013.<\/strong><\/h3>\n<p>&nbsp;<\/p>\n<p style=\"text-align: justify;\">Los allanamientos, que fueron solicitados por el fiscal Marcelo Solimine y autorizados por la jueza Rita Acosta, se realizaron en la casa del ex futbolista, en San Isidro.<\/p>\n<p style=\"text-align: justify;\">El ex futbolista fue denunciado por presunta acci\u00f3n fraudulenta durante su gesti\u00f3n en el club de N\u00fa\u00f1ez, seg\u00fan confirm\u00f3 Ignacio Villaruel, director de Asuntos Legales del club ahora encabezado por Rodolfo D`Onofrio.<\/p>\n<p style=\"text-align: justify;\">La denuncia fue radicada en el juzgado n\u00famero 28, que depende de la jueza Rita Acosta, y la investigaci\u00f3n estar\u00e1 a cargo del fiscal Marcelo Solimine, el mismo que llev\u00f3 adelante la causa por la extorsi\u00f3n al \u00e1rbitro Sergio Pezzotta cuando River baj\u00f3 al Nacional B en 2011, tras perder la Promoci\u00f3n con Belgrano de C\u00f3rdoba.<\/p>\n<p style=\"text-align: justify;\">El motivo de la denuncia es la supuesta utilizaci\u00f3n de firmas ap\u00f3crifas en contratos, la entrega de facturas sin respaldo legal y otras irregularidades, tanto en el f\u00fatbol profesional como en otras \u00e1reas del club.<\/p>\n<p style=\"text-align: justify;\">La actual causa en contra del `Kaiser` fue firmada por la mesa directiva del club, conformada por el Presidente Rodolfo D`Onofrio, el vice Jorge Brito y el secretario general Guillermo Cascio.<\/p>\n<p style=\"text-align: justify;\">En tanto, el allanamiento fue realizado por efectivos del Departamento de Defraudaciones y Estafas de la Polic\u00eda Federal Argentina y de la Polic\u00eda Bonaerense.<\/p>\n<p style=\"text-align: justify;\">Fuente: T\u00e9lam<\/p>\n","protected":false},"excerpt":{"rendered":"<p>La Justicia investig\u00f3 el domicilio y las oficinas del expresidente de River en el marco de la causa por la que se investigan hechos de presunta administraci\u00f3n fraudulenta durante su gesti\u00f3n, entre 2009 y 2013. &nbsp; Los allanamientos, que fueron solicitados por el fiscal Marcelo Solimine y autorizados por la jueza Rita Acosta, se realizaron [&hellip;]<\/p>\n","protected":false},"author":10,"featured_media":5114,"comment_status":"open","ping_status":"open","sticky":false,"template":"","format":"standard","meta":{"_seopress_robots_primary_cat":"","_seopress_titles_title":"","_seopress_titles_desc":"","_seopress_robots_index":"","footnotes":""},"categories":[2,16],"tags":[2778,1218,64,1138,74],"class_list":["post-13127","post","type-post","status-publish","format-standard","has-post-thumbnail","hentry","category-futbol","category-primera-division","tag-allanamientos","tag-daniel-passarella","tag-futbol-2","tag-presidente","tag-river"],"_links":{"self":[{"href":"https:\/\/www.cordobatimes.com\/deportes\/wp-json\/wp\/v2\/posts\/13127","targetHints":{"allow":["GET"]}}],"collection":[{"href":"https:\/\/www.cordobatimes.com\/deportes\/wp-json\/wp\/v2\/posts"}],"about":[{"href":"https:\/\/www.cordobatimes.com\/deportes\/wp-json\/wp\/v2\/types\/post"}],"author":[{"embeddable":true,"href":"https:\/\/www.cordobatimes.com\/deportes\/wp-json\/wp\/v2\/users\/10"}],"replies":[{"embeddable":true,"href":"https:\/\/www.cordobatimes.com\/deportes\/wp-json\/wp\/v2\/comments?post=13127"}],"version-history":[{"count":0,"href":"https:\/\/www.cordobatimes.com\/deportes\/wp-json\/wp\/v2\/posts\/13127\/revisions"}],"wp:featuredmedia":[{"embeddable":true,"href":"https:\/\/www.cordobatimes.com\/deportes\/wp-json\/wp\/v2\/media\/5114"}],"wp:attachment":[{"href":"https:\/\/www.cordobatimes.com\/deportes\/wp-json\/wp\/v2\/media?parent=13127"}],"wp:term":[{"taxonomy":"category","embeddable":true,"href":"https:\/\/www.cordobatimes.com\/deportes\/wp-json\/wp\/v2\/categories?post=13127"},{"taxonomy":"post_tag","embeddable":true,"href":"https:\/\/www.cordobatimes.com\/deportes\/wp-json\/wp\/v2\/tags?post=13127"}],"curies":[{"name":"wp","href":"https:\/\/api.w.org\/{rel}","templated":true}]}}