{"id":13107,"date":"2014-04-30T11:36:20","date_gmt":"2014-04-30T14:36:20","guid":{"rendered":"http:\/\/www.cordobatimes.com\/deportes\/?p=13107"},"modified":"2014-04-30T11:36:20","modified_gmt":"2014-04-30T14:36:20","slug":"belgrano-zielinski-analiza-los-cambios","status":"publish","type":"post","link":"https:\/\/www.cordobatimes.com\/deportes\/futbol\/2014\/04\/30\/belgrano-zielinski-analiza-los-cambios\/","title":{"rendered":"Belgrano: Zielinski analiza los cambios"},"content":{"rendered":"<p style=\"text-align: center;\"><a href=\"http:\/\/www.cordobatimes.com\/deportes\/wp-content\/uploads\/2014\/04\/zielinski1.jpg\"><img loading=\"lazy\" decoding=\"async\" class=\"size-full wp-image-13108 aligncenter\" alt=\"zielinski\" src=\"http:\/\/www.cordobatimes.com\/deportes\/wp-content\/uploads\/2014\/04\/zielinski1.jpg\" width=\"642\" height=\"361\" data-id=\"13108\" srcset=\"https:\/\/www.cordobatimes.com\/deportes\/wp-content\/uploads\/2014\/04\/zielinski1.jpg 642w, https:\/\/www.cordobatimes.com\/deportes\/wp-content\/uploads\/2014\/04\/zielinski1-300x168.jpg 300w\" sizes=\"auto, (max-width: 642px) 100vw, 642px\" \/><\/a><\/p>\n<h3 style=\"text-align: justify;\"><b>Ricardo Zielinski sigue con el armado del equipo que visitar\u00e1 a Tigre el lunes, a las 20.10, en Victoria. <\/b><\/h3>\n<p style=\"text-align: justify;\">\n<p style=\"text-align: justify;\">El DT sabe que todav\u00eda le restan varios d\u00edas por lo que se lo toma con bastante tranquilidad y esperar\u00eda hasta \u00faltimo momento para confirmar el equipo.\u00a0 El lunes, a partir de las 20.10, el \u201cPirata\u201d visitar\u00e1 al \u201cMatador\u201d en un partido v\u00e1lido por la fecha N\u00b0 17 del Torneo Final. El arbitraje estar\u00e1 a cargo de Juan Pablo Pompei.<\/p>\n<p style=\"text-align: justify;\">Zielinski podr\u00e1 contar con varios jugadores que se ausentaron en el empate ante San Lorenzo por diferentes molestias o suspensiones. Uno de ellos es C\u00e9sar Pereyra, quien ya cumpli\u00f3 una fecha de suspensi\u00f3n por llegar a la quinta amarilla, y ser\u00eda parte del equipo titular. Por su parte, Luciano Lollo se recupera favorablemente de su lesi\u00f3n en el pubis y reemplazar\u00eda en la zaga central a Sergio Rodr\u00edguez.<\/p>\n<p style=\"text-align: justify;\">Respecto a \u201cTete\u201d Gonz\u00e1lez, habr\u00e1 que esperar para saber si el entrenador decide incluirlo entre los titulares o si mantiene a Lucas Pittinari junto a Guillermo Farr\u00e9 en el mediocampo. Por \u00faltimo, M\u00e1rquez ya se encuentra recuperado e ir\u00eda al banco de suplentes.<\/p>\n<p style=\"text-align: justify;\">Hasta ahora son solo conjeturas, y habr\u00e1 que esperar al ensayo de ma\u00f1ana en Villa Esqui\u00fa donde el plantel podr\u00eda realizar una pr\u00e1ctica formal de f\u00fatbol.<\/p>\n","protected":false},"excerpt":{"rendered":"<p>Ricardo Zielinski sigue con el armado del equipo que visitar\u00e1 a Tigre el lunes, a las 20.10, en Victoria. El DT sabe que todav\u00eda le restan varios d\u00edas por lo que se lo toma con bastante tranquilidad y esperar\u00eda hasta \u00faltimo momento para confirmar el equipo.\u00a0 El lunes, a partir de las 20.10, el \u201cPirata\u201d [&hellip;]<\/p>\n","protected":false},"author":15,"featured_media":13108,"comment_status":"open","ping_status":"open","sticky":false,"template":"","format":"standard","meta":{"_seopress_robots_primary_cat":"","_seopress_titles_title":"","_seopress_titles_desc":"","_seopress_robots_index":"","footnotes":""},"categories":[2,16],"tags":[37,105,312,550],"class_list":["post-13107","post","type-post","status-publish","format-standard","has-post-thumbnail","hentry","category-futbol","category-primera-division","tag-belgrano","tag-primera-division-2","tag-tigre","tag-zielinski"],"_links":{"self":[{"href":"https:\/\/www.cordobatimes.com\/deportes\/wp-json\/wp\/v2\/posts\/13107","targetHints":{"allow":["GET"]}}],"collection":[{"href":"https:\/\/www.cordobatimes.com\/deportes\/wp-json\/wp\/v2\/posts"}],"about":[{"href":"https:\/\/www.cordobatimes.com\/deportes\/wp-json\/wp\/v2\/types\/post"}],"author":[{"embeddable":true,"href":"https:\/\/www.cordobatimes.com\/deportes\/wp-json\/wp\/v2\/users\/15"}],"replies":[{"embeddable":true,"href":"https:\/\/www.cordobatimes.com\/deportes\/wp-json\/wp\/v2\/comments?post=13107"}],"version-history":[{"count":0,"href":"https:\/\/www.cordobatimes.com\/deportes\/wp-json\/wp\/v2\/posts\/13107\/revisions"}],"wp:featuredmedia":[{"embeddable":true,"href":"https:\/\/www.cordobatimes.com\/deportes\/wp-json\/wp\/v2\/media\/13108"}],"wp:attachment":[{"href":"https:\/\/www.cordobatimes.com\/deportes\/wp-json\/wp\/v2\/media?parent=13107"}],"wp:term":[{"taxonomy":"category","embeddable":true,"href":"https:\/\/www.cordobatimes.com\/deportes\/wp-json\/wp\/v2\/categories?post=13107"},{"taxonomy":"post_tag","embeddable":true,"href":"https:\/\/www.cordobatimes.com\/deportes\/wp-json\/wp\/v2\/tags?post=13107"}],"curies":[{"name":"wp","href":"https:\/\/api.w.org\/{rel}","templated":true}]}}