{"id":12916,"date":"2014-04-26T19:33:40","date_gmt":"2014-04-26T22:33:40","guid":{"rendered":"http:\/\/www.cordobatimes.com\/deportes\/?p=12916"},"modified":"2014-04-26T19:33:40","modified_gmt":"2014-04-26T22:33:40","slug":"rafaela-y-colon-empataron-1-a-1-video","status":"publish","type":"post","link":"https:\/\/www.cordobatimes.com\/deportes\/futbol\/2014\/04\/26\/rafaela-y-colon-empataron-1-a-1-video\/","title":{"rendered":"Rafaela y Col\u00f3n empataron 1 a 1 (Video)"},"content":{"rendered":"<h3 style=\"text-align: justify;\"><a href=\"http:\/\/www.cordobatimes.com\/deportes\/wp-content\/uploads\/2014\/04\/raf-col.jpg\"><img loading=\"lazy\" decoding=\"async\" class=\"aligncenter size-full wp-image-12917\" alt=\"raf col\" src=\"http:\/\/www.cordobatimes.com\/deportes\/wp-content\/uploads\/2014\/04\/raf-col.jpg\" width=\"770\" height=\"433\" data-id=\"12917\" srcset=\"https:\/\/www.cordobatimes.com\/deportes\/wp-content\/uploads\/2014\/04\/raf-col.jpg 770w, https:\/\/www.cordobatimes.com\/deportes\/wp-content\/uploads\/2014\/04\/raf-col-300x168.jpg 300w\" sizes=\"auto, (max-width: 770px) 100vw, 770px\" \/><\/a><\/h3>\n<h3 style=\"text-align: justify;\"><strong>Por la fecha 16 del Torneo Final, la &#8220;Crema&#8221; y el &#8220;Sabalero&#8221; repartieron puntos y siguen sumando en su lucha por mantener la categor\u00eda. El elenco de Osella contin\u00faa en la pelea por el t\u00edtulo. Mir\u00e1 los goles.<\/strong><\/h3>\n<p>&nbsp;<\/p>\n<p style=\"text-align: justify;\">Atl\u00e9tico de Rafaela y Col\u00f3n de Santa Fe igualaron 1-1 en un encuentro que tuvo lo mejor durante la primera mitad, pero los goles en el complemento.<\/p>\n<p style=\"text-align: justify;\">En el primer tiempo, adem\u00e1s de la gran cantidad de llegadas para ambos equipos y la buena actuaci\u00f3n de los arqueros, el Sabalero fall\u00f3 un penal. El uruguayo Conde -ataj\u00f3 seis penales desde que lleg\u00f3 a Rafaela- se lo tap\u00f3 a Jacobo Mansilla.<\/p>\n<p style=\"text-align: justify;\">En la segunda etapa, abri\u00f3 la cuenta para el local Rodrigo Depetris a los 7 minutos. M\u00e1s tarde, a los 17&#8242; Gabriel Graciani lo empat\u00f3 para Col\u00f3n.<\/p>\n<p style=\"text-align: justify;\">Con este resultado, la Crema llega a varios partidos sin ganar pero al menos sum\u00f3 en su lucha por el descenso, al igual que el equipo de Osella, que pelea adem\u00e1s por el t\u00edtulo, ya que se encuentra segundo con 27 unidades.<\/p>\n<p style=\"text-align: justify;\"><b>Formaciones:<\/b><\/p>\n<p style=\"text-align: justify;\"><b><\/b><b>Atl\u00e9tico Rafaela:<\/b>\u00a0Esteban Conde; Andr\u00e9s Rodales, Ariel Garc\u00e9, Rodrigo Erramuspe, Francisco Mart\u00ednez; Rodrigo Depetris, Adri\u00e1n Bast\u00eda, Cristian Canuh\u00e9, Juan Eluchans; Diego Vera y Lucas Albertengo.\u00a0<b>DT:<\/b>\u00a0Jorge Burruchaga.<\/p>\n<p style=\"text-align: justify;\"><b>Col\u00f3n:\u00a0<\/b>Germ\u00e1n Montoya; Luis Castillo, Gerardo Alcoba, Lucas Landa, Mariano Bittolo; Gabriel Graciani, Ezequiel Videla, Ger\u00f3nimo Poblete, Jacobo Mansilla; Lucas Alario y Carlos Mart\u00edn Luque.\u00a0<b>DT:<\/b>\u00a0Diego Osella.<\/p>\n<p style=\"text-align: justify;\"><b>\u00c1rbitro:\u00a0<\/b>Diego Abal.<\/p>\n<p style=\"text-align: justify;\"><b>Estadio:\u00a0<\/b>Nuevo Monumental<em id=\"__mceDel\">.<\/em><\/p>\n<p style=\"text-align: justify;\"><strong>Mir\u00e1 los goles<\/strong><\/p>\n<p><iframe loading=\"lazy\" src=\"\/\/www.youtube.com\/embed\/u04LWz0nksA\" height=\"315\" width=\"560\" allowfullscreen=\"\" frameborder=\"0\"><\/iframe><\/p>\n<p><iframe loading=\"lazy\" src=\"\/\/www.youtube.com\/embed\/qx7aukzoMbo\" height=\"315\" width=\"560\" allowfullscreen=\"\" frameborder=\"0\"><\/iframe><\/p>\n<p><strong>Penal atajado por Conde<\/strong><\/p>\n<p><iframe loading=\"lazy\" src=\"\/\/www.youtube.com\/embed\/e68f0wz6sKU\" height=\"315\" width=\"560\" allowfullscreen=\"\" frameborder=\"0\"><\/iframe><\/p>\n","protected":false},"excerpt":{"rendered":"<p>Por la fecha 16 del Torneo Final, la &#8220;Crema&#8221; y el &#8220;Sabalero&#8221; repartieron puntos y siguen sumando en su lucha por mantener la categor\u00eda. El elenco de Osella contin\u00faa en la pelea por el t\u00edtulo. Mir\u00e1 los goles. &nbsp; Atl\u00e9tico de Rafaela y Col\u00f3n de Santa Fe igualaron 1-1 en un encuentro que tuvo lo [&hellip;]<\/p>\n","protected":false},"author":10,"featured_media":12917,"comment_status":"open","ping_status":"open","sticky":false,"template":"","format":"standard","meta":{"_seopress_robots_primary_cat":"","_seopress_titles_title":"","_seopress_titles_desc":"","_seopress_robots_index":"","footnotes":""},"categories":[2,16],"tags":[501,53,2737,2739,94,2738,105,2163,1816],"class_list":["post-12916","post","type-post","status-publish","format-standard","has-post-thumbnail","hentry","category-futbol","category-primera-division","tag-atletico-rafaela","tag-colon","tag-conde","tag-depetris","tag-futbol-argentino","tag-graciani","tag-primera-division-2","tag-santa-fe","tag-torneo-final"],"_links":{"self":[{"href":"https:\/\/www.cordobatimes.com\/deportes\/wp-json\/wp\/v2\/posts\/12916","targetHints":{"allow":["GET"]}}],"collection":[{"href":"https:\/\/www.cordobatimes.com\/deportes\/wp-json\/wp\/v2\/posts"}],"about":[{"href":"https:\/\/www.cordobatimes.com\/deportes\/wp-json\/wp\/v2\/types\/post"}],"author":[{"embeddable":true,"href":"https:\/\/www.cordobatimes.com\/deportes\/wp-json\/wp\/v2\/users\/10"}],"replies":[{"embeddable":true,"href":"https:\/\/www.cordobatimes.com\/deportes\/wp-json\/wp\/v2\/comments?post=12916"}],"version-history":[{"count":0,"href":"https:\/\/www.cordobatimes.com\/deportes\/wp-json\/wp\/v2\/posts\/12916\/revisions"}],"wp:featuredmedia":[{"embeddable":true,"href":"https:\/\/www.cordobatimes.com\/deportes\/wp-json\/wp\/v2\/media\/12917"}],"wp:attachment":[{"href":"https:\/\/www.cordobatimes.com\/deportes\/wp-json\/wp\/v2\/media?parent=12916"}],"wp:term":[{"taxonomy":"category","embeddable":true,"href":"https:\/\/www.cordobatimes.com\/deportes\/wp-json\/wp\/v2\/categories?post=12916"},{"taxonomy":"post_tag","embeddable":true,"href":"https:\/\/www.cordobatimes.com\/deportes\/wp-json\/wp\/v2\/tags?post=12916"}],"curies":[{"name":"wp","href":"https:\/\/api.w.org\/{rel}","templated":true}]}}