{"id":12891,"date":"2014-04-26T21:40:49","date_gmt":"2014-04-27T00:40:49","guid":{"rendered":"http:\/\/www.cordobatimes.com\/deportes\/?p=12891"},"modified":"2014-04-26T21:43:31","modified_gmt":"2014-04-27T00:43:31","slug":"velez-se-recupero-con-una-goleada-video","status":"publish","type":"post","link":"https:\/\/www.cordobatimes.com\/deportes\/futbol\/2014\/04\/26\/velez-se-recupero-con-una-goleada-video\/","title":{"rendered":"V\u00e9lez se recuper\u00f3 con una goleada (Video)"},"content":{"rendered":"<h3 style=\"text-align: justify;\"><a href=\"http:\/\/www.cordobatimes.com\/deportes\/wp-content\/uploads\/2014\/04\/velez-central2.jpg\"><img loading=\"lazy\" decoding=\"async\" class=\"aligncenter size-full wp-image-12942\" alt=\"velez central2\" src=\"http:\/\/www.cordobatimes.com\/deportes\/wp-content\/uploads\/2014\/04\/velez-central2.jpg\" width=\"900\" height=\"626\" data-id=\"12942\" srcset=\"https:\/\/www.cordobatimes.com\/deportes\/wp-content\/uploads\/2014\/04\/velez-central2.jpg 900w, https:\/\/www.cordobatimes.com\/deportes\/wp-content\/uploads\/2014\/04\/velez-central2-300x208.jpg 300w\" sizes=\"auto, (max-width: 900px) 100vw, 900px\" \/><\/a><\/h3>\n<h3 style=\"text-align: justify;\"><strong>El Fort\u00edn derrot\u00f3 a Rosario Central por 4 a 1 en el Amalfitani y de esta forma cort\u00f3 la racha de cuatro encuentros sin victorias en el Torneo Final. El Canalla qued\u00f3 lejos de la punta. Mir\u00e1 los goles.\u00a0<\/strong><\/h3>\n<p>&nbsp;<\/p>\n<p style=\"text-align: justify;\">Por la fecha 16 del Torneo Final, V\u00e9lez -con muchos juveniles en cancha- venci\u00f3 4 a 1 a Rosario Central en condici\u00f3n de local y cort\u00f3 una dura racha de cuatro derrotas consecutivas.<\/p>\n<p style=\"text-align: justify;\">Los goles del encuentro fueron convertidos por el delantero Mauro Z\u00e1rate en dos oportunidades -el primero con una chilena impresionate- Leonardo Rol\u00f3n y el ecuatoriano David Cede\u00f1o. Antonio Medina descont\u00f3 sobre el final del partido para el conjunto de Russo.<\/p>\n<p style=\"text-align: justify;\">Este resultado no modifica mucho el presente de V\u00e9lez, que s\u00f3lo piensa en el encuentro de vuelta por los Octavos de Final de la Copa Libertadores -en la ida perdi\u00f3 1 a 0 con Nacional en Paraguay-. Mientras que Rosario Central dej\u00f3 escapar la gran chance de acercarse a los puesto de arriba y se despidi\u00f3 de la lucha por el t\u00edtulo.<\/p>\n<p style=\"text-align: justify;\"><b><span style=\"text-decoration: underline;\">FORMACIONES<\/span><\/b><\/p>\n<p style=\"text-align: justify;\"><b><\/b><b>V\u00e9lez<\/b>: Alan Aguerre; Mat\u00edas P\u00e9rez Acu\u00f1a, Juan Sabia, Lautaro Gianetti, Gonzalo Piovi; Leonardo Rol\u00f3n, Leandro Des\u00e1bato, Yamil Asad, Leonardo Villalba; Roberto Nanni y Mauro Z\u00e1rate.\u00a0<b>DT<\/b>: Jos\u00e9 Flores.<\/p>\n<p style=\"text-align: justify;\"><b>Rosario Central<\/b>: Mauricio Caranta; Lucas Lazo, Tom\u00e1s Berra, Alejandro Donatti, Paulo Ferrari; Hern\u00e1n Encina, Jes\u00fas M\u00e9ndez, Nery Dom\u00ednguez, Federico Carrizo; Carlos Luna y Franco Niell.\u00a0<b>DT<\/b>: Miguel \u00c1ngel Russo.<\/p>\n<p style=\"text-align: justify;\"><b>Estadio<\/b>: Jos\u00e9 Amalfitani<\/p>\n<p style=\"text-align: justify;\"><b>\u00c1rbitro<\/b>: Juan Pablo Pompei<\/p>\n<p style=\"text-align: justify;\"><strong>Mir\u00e1 los goles<\/strong><\/p>\n<p><iframe loading=\"lazy\" src=\"\/\/www.youtube.com\/embed\/mhqdGlCfSSY\" height=\"315\" width=\"560\" allowfullscreen=\"\" frameborder=\"0\"><\/iframe><\/p>\n<p><iframe loading=\"lazy\" src=\"\/\/www.youtube.com\/embed\/TsrnxNaE5HE\" height=\"315\" width=\"560\" allowfullscreen=\"\" frameborder=\"0\"><\/iframe><\/p>\n<p><iframe loading=\"lazy\" src=\"\/\/www.youtube.com\/embed\/1RQYtWosrcc\" height=\"315\" width=\"560\" allowfullscreen=\"\" frameborder=\"0\"><\/iframe><\/p>\n<p><iframe loading=\"lazy\" src=\"\/\/www.youtube.com\/embed\/8HSZr7mdX6o\" height=\"315\" width=\"560\" allowfullscreen=\"\" frameborder=\"0\"><\/iframe><\/p>\n","protected":false},"excerpt":{"rendered":"<p>El Fort\u00edn derrot\u00f3 a Rosario Central por 4 a 1 en el Amalfitani y de esta forma cort\u00f3 la racha de cuatro encuentros sin victorias en el Torneo Final. El Canalla qued\u00f3 lejos de la punta. Mir\u00e1 los goles.\u00a0 &nbsp; Por la fecha 16 del Torneo Final, V\u00e9lez -con muchos juveniles en cancha- venci\u00f3 4 [&hellip;]<\/p>\n","protected":false},"author":10,"featured_media":12942,"comment_status":"open","ping_status":"open","sticky":false,"template":"","format":"standard","meta":{"_seopress_robots_primary_cat":"","_seopress_titles_title":"","_seopress_titles_desc":"","_seopress_robots_index":"","footnotes":""},"categories":[2,16],"tags":[2742,2736,2735,105,274,1816,214],"class_list":["post-12891","post","type-post","status-publish","format-standard","has-post-thumbnail","hentry","category-futbol","category-primera-division","tag-amalfitani","tag-angel-russo","tag-jose-flores","tag-primera-division-2","tag-rosario-central","tag-torneo-final","tag-velez"],"_links":{"self":[{"href":"https:\/\/www.cordobatimes.com\/deportes\/wp-json\/wp\/v2\/posts\/12891","targetHints":{"allow":["GET"]}}],"collection":[{"href":"https:\/\/www.cordobatimes.com\/deportes\/wp-json\/wp\/v2\/posts"}],"about":[{"href":"https:\/\/www.cordobatimes.com\/deportes\/wp-json\/wp\/v2\/types\/post"}],"author":[{"embeddable":true,"href":"https:\/\/www.cordobatimes.com\/deportes\/wp-json\/wp\/v2\/users\/10"}],"replies":[{"embeddable":true,"href":"https:\/\/www.cordobatimes.com\/deportes\/wp-json\/wp\/v2\/comments?post=12891"}],"version-history":[{"count":0,"href":"https:\/\/www.cordobatimes.com\/deportes\/wp-json\/wp\/v2\/posts\/12891\/revisions"}],"wp:featuredmedia":[{"embeddable":true,"href":"https:\/\/www.cordobatimes.com\/deportes\/wp-json\/wp\/v2\/media\/12942"}],"wp:attachment":[{"href":"https:\/\/www.cordobatimes.com\/deportes\/wp-json\/wp\/v2\/media?parent=12891"}],"wp:term":[{"taxonomy":"category","embeddable":true,"href":"https:\/\/www.cordobatimes.com\/deportes\/wp-json\/wp\/v2\/categories?post=12891"},{"taxonomy":"post_tag","embeddable":true,"href":"https:\/\/www.cordobatimes.com\/deportes\/wp-json\/wp\/v2\/tags?post=12891"}],"curies":[{"name":"wp","href":"https:\/\/api.w.org\/{rel}","templated":true}]}}