{"id":1289,"date":"2013-11-02T16:54:16","date_gmt":"2013-11-02T19:54:16","guid":{"rendered":"http:\/\/www.cordobatimes.com\/deportes\/?p=1289"},"modified":"2020-05-02T15:42:45","modified_gmt":"2020-05-02T18:42:45","slug":"tc-angelini-el-mas-veloz-en-toay","status":"publish","type":"post","link":"https:\/\/www.cordobatimes.com\/deportes\/automovilismo\/2013\/11\/02\/tc-angelini-el-mas-veloz-en-toay\/","title":{"rendered":"TC: Angelini el m\u00e1s veloz en Toay"},"content":{"rendered":"<p><b>Juan Marcos Angelini rectific\u00f3 lo hecho en la jornada de viernes y se qued\u00f3 con su segunda pole en lo que va de la temporada a bordo de la Dodge en el Aut\u00f3dromo de Toay, La Pampa. Jos\u00e9 Mar\u00eda L\u00f3pez y Guillermo Ortelli fueron sus escoltas.<\/b><\/p>\n<p>Nadie pudo con el &#8220;Tati&#8221;, \u00a0a quien le alcanz\u00f3 con el trabajo de ayer para adjudicarse la pole position con el registro de 1m15s 469 y convertirse en el &#8220;intruso&#8221; para los que pelean por la copa de oro.<\/p>\n<p>Jos\u00e9 Mar\u00eda L\u00f3pez fue segundo y fue el mejor clasificado de los doce que pelean por el t\u00edtulo.De los restantes, Aventin se ubic\u00f3 sexto , Mat\u00edas Rossi noveno por delante de Josito Di Palma quienes se metieron entre los primeros diez clasificados.El puntero Jonathan Castellano finaliz\u00f3 en la d\u00e9cima segunda posici\u00f3n.<\/p>\n<p>Ma\u00f1ana a partir de las 9 se pone en marcha la primera serie con Angelini y Pern\u00eda largando desde la posici\u00f3n de vanguardia. La segunda tendr\u00e1 lugar a las 9.35 con L\u00f3pez y Canapino desde la primera grilla. Ortelli y Aventin har\u00e1n lo propio en la tercera bater\u00eda a partir de las 10:10.<\/p>\n<p><strong>Clasificaci\u00f3n General \u2013 TC<\/strong><\/p>\n<p>1 17 Angelini, Juan Marcos 0 01:15.469<br \/>\n2 23 L\u00f3pez, Jos\u00e9 Mar\u00eda 0 01:15.722 0,253<br \/>\n3 3 Ortelli, Guillermo 0 01:15.727 0,258<br \/>\n4 24 Pern\u00eda, Leonel 0 01:15.863 0,394<br \/>\n5 8 Canapino, Agust\u00edn 0 01:15.955 0,486<br \/>\n6 14 Aventin, Diego 0 01:16.002 0,533<br \/>\n7 101 Guerrieri, Esteban 0 01:16.027 0,558<br \/>\n8 12 Spataro, Emiliano 2 01:16.041 0,572<br \/>\n9 2 Rossi, Mat\u00edas 0 01:16.084 0,615<br \/>\n10 37 Di Palma, Lu\u00eds Jos\u00e9 (H) 0 01:16.107 0,638<br \/>\n11 13 Alaux, Sergio 0 01:16.113 0,644<br \/>\n12 10 Castellano, Jonatan 0 01:16.138 0,669<br \/>\n13 93 Rodr\u00edguez, Mat\u00edas 0 01:16.157 0,688<br \/>\n14 111 Silva, Juan Manuel 0 01:16.159 0,690<br \/>\n15 41 Mazzacane, Gast\u00f3n 0 01:16.176 0,707<br \/>\n16 4 Ledesma, Christian 0 01:16.200 0,731<br \/>\n17 5 Ponce de Le\u00f3n, Gabriel 0 01:16.230 0,761<br \/>\n18 28 Ugalde, Lionel 0 01:16.279 0,810<br \/>\n19 15 Werner, Mariano 0 01:16.291 0,822<br \/>\n20 35 Sotro, Leonel 2 01:16.309 0,840<br \/>\n21 11 Ponte, Mart\u00edn 3 01:16.349 0,880<br \/>\n22 9 Fontana, Norberto 0 01:16.370 0,901<br \/>\n23 1 Giallombardo, Mauro 0 01:16.375 0,906<br \/>\n24 19 Bonelli, Pr\u00f3spero 2 01:16.389 0,920<br \/>\n25 36 Nolesi, Math\u00edas 0 01:16.395 0,926<br \/>\n26 20 Altuna, Mariano 0 01:16.473 1,004<br \/>\n27 30 Juan, Maximiliano 0 01:16.492 1,023<br \/>\n28 33 Oubi\u00f1a, Adri\u00e1n 3 01:16.494 1,025<br \/>\n29 83 Ardusso, Facundo 0 01:16.569 1,100<br \/>\n30 18 Moriatis, Emanuel 3 01:16.663 1,194<br \/>\n31 98 Bonelli, Nicol\u00e1s 0 01:16.687 1,218<br \/>\n32 85 Risatti, Ricardo 0 01:16.708 1,239<br \/>\n33 31 Okulovich, Carlos 3 01:16.720 1,251<br \/>\n34 27 Jalaf, Mat\u00edas 0 01:16.729 1,260<br \/>\n35 72 Serrano, Mart\u00edn 0 01:16.751 1,282<br \/>\n36 21 Gianini, Juan Pablo 3 01:16.752 1,283<br \/>\n37 6 De Benedictis, Juan Bautista 0 01:16.754 1,285<br \/>\n38 26 Trucco, Juan Mart\u00edn 0 01:16.789 1,320<br \/>\n39 22 Mart\u00ednez, Omar 0 01:16.791 1,322<br \/>\n40 25 Savino, Jos\u00e9 2 01:16.798 1,329<br \/>\n41 61 Ventricelli , Luciano 0 01:16.819 1,350<br \/>\n42 71 Smith, Brian 0 01:16.945 1,476<br \/>\n43 40 Campanera, Laureano 0 01:17.172 1,703<br \/>\n44 45 De Carlo, Diego 0 01:17.376 1,907<br \/>\n45 47 Mulet, Leandro 0 01:17.913 2,444<br \/>\n46 49 Gil Bicella, Facundo 0 01:18.048 2,579<\/p>\n<p>&nbsp;<\/p>\n<p>Por Maria Laura Rodriguez<\/p>\n<p>@laurodriguez6<\/p>\n<p>Foto: Cristian Velasco<\/p>\n<p>&nbsp;<\/p>\n<p>&nbsp;<\/p>\n<p>&nbsp;<\/p>\n<p>&nbsp;<\/p>\n","protected":false},"excerpt":{"rendered":"<p>Juan Marcos Angelini rectific\u00f3 lo hecho en la jornada de viernes y se qued\u00f3 con su segunda pole en lo que va de la temporada a bordo de la Dodge en el Aut\u00f3dromo de Toay, La Pampa. Jos\u00e9 Mar\u00eda L\u00f3pez y Guillermo Ortelli fueron sus escoltas. Nadie pudo con el &#8220;Tati&#8221;, \u00a0a quien le alcanz\u00f3 [&hellip;]<\/p>\n","protected":false},"author":6,"featured_media":1290,"comment_status":"open","ping_status":"open","sticky":false,"template":"","format":"standard","meta":{"_seopress_robots_primary_cat":"none","_seopress_titles_title":"","_seopress_titles_desc":"","_seopress_robots_index":"","footnotes":""},"categories":[1,9],"tags":[198,243,242],"class_list":["post-1289","post","type-post","status-publish","format-standard","has-post-thumbnail","hentry","category-automovilismo","category-tc","tag-jose-maria-lopez","tag-juan-marcos-angelini","tag-turismo-carretera"],"_links":{"self":[{"href":"https:\/\/www.cordobatimes.com\/deportes\/wp-json\/wp\/v2\/posts\/1289","targetHints":{"allow":["GET"]}}],"collection":[{"href":"https:\/\/www.cordobatimes.com\/deportes\/wp-json\/wp\/v2\/posts"}],"about":[{"href":"https:\/\/www.cordobatimes.com\/deportes\/wp-json\/wp\/v2\/types\/post"}],"author":[{"embeddable":true,"href":"https:\/\/www.cordobatimes.com\/deportes\/wp-json\/wp\/v2\/users\/6"}],"replies":[{"embeddable":true,"href":"https:\/\/www.cordobatimes.com\/deportes\/wp-json\/wp\/v2\/comments?post=1289"}],"version-history":[{"count":0,"href":"https:\/\/www.cordobatimes.com\/deportes\/wp-json\/wp\/v2\/posts\/1289\/revisions"}],"wp:featuredmedia":[{"embeddable":true,"href":"https:\/\/www.cordobatimes.com\/deportes\/wp-json\/wp\/v2\/media\/1290"}],"wp:attachment":[{"href":"https:\/\/www.cordobatimes.com\/deportes\/wp-json\/wp\/v2\/media?parent=1289"}],"wp:term":[{"taxonomy":"category","embeddable":true,"href":"https:\/\/www.cordobatimes.com\/deportes\/wp-json\/wp\/v2\/categories?post=1289"},{"taxonomy":"post_tag","embeddable":true,"href":"https:\/\/www.cordobatimes.com\/deportes\/wp-json\/wp\/v2\/tags?post=1289"}],"curies":[{"name":"wp","href":"https:\/\/api.w.org\/{rel}","templated":true}]}}