{"id":12826,"date":"2014-04-25T11:39:51","date_gmt":"2014-04-25T14:39:51","guid":{"rendered":"http:\/\/www.cordobatimes.com\/deportes\/?p=12826"},"modified":"2014-04-25T11:39:51","modified_gmt":"2014-04-25T14:39:51","slug":"belgrano-zielinski-prepara-los-cambios","status":"publish","type":"post","link":"https:\/\/www.cordobatimes.com\/deportes\/futbol\/2014\/04\/25\/belgrano-zielinski-prepara-los-cambios\/","title":{"rendered":"Belgrano: Zielinski prepara los cambios"},"content":{"rendered":"<p style=\"text-align: center;\"><a href=\"http:\/\/www.cordobatimes.com\/deportes\/wp-content\/uploads\/2014\/04\/zielinski.jpg\"><img loading=\"lazy\" decoding=\"async\" class=\"size-full wp-image-12832 aligncenter\" alt=\"zielinski\" src=\"http:\/\/www.cordobatimes.com\/deportes\/wp-content\/uploads\/2014\/04\/zielinski.jpg\" width=\"640\" height=\"405\" data-id=\"12832\" srcset=\"https:\/\/www.cordobatimes.com\/deportes\/wp-content\/uploads\/2014\/04\/zielinski.jpg 640w, https:\/\/www.cordobatimes.com\/deportes\/wp-content\/uploads\/2014\/04\/zielinski-300x189.jpg 300w\" sizes=\"auto, (max-width: 640px) 100vw, 640px\" \/><\/a><\/p>\n<h3 style=\"text-align: justify;\"><b>Ricardo Zielinski ultima detalles para recibir ma\u00f1ana a las 15 a San Lorenzo en el Kempes. Bueno y Maggiolo ser\u00edan la dupla ofensiva.<\/b><\/h3>\n<p style=\"text-align: justify;\">\n<p style=\"text-align: justify;\">El \u201cPirata\u201d ya no puede dejar pasar m\u00e1s oportunidades si quiere seguir so\u00f1ando con la clasificaci\u00f3n a la Copa Sudamericana. Para eso, sabe que le quedan cuatro finales y ma\u00f1ana jugara la primera de ellas ante el \u201cCicl\u00f3n\u201d. Los dirigidos por Edgardo Bauza vienen con un equipo alternativo pensando en el partido de vuelta de los octavos de final de la Copa Libertadores.<\/p>\n<p style=\"text-align: justify;\">La buena noticia pasa por que Luciano Lollo\u00a0 se encuentra recuperado de su molestia en el aductor derecho y ser\u00e1 de la partida. El que pr\u00e1cticamente est\u00e1 descartado es \u201cTete\u201d Gonz\u00e1lez, quien no pudo terminar el encuentro ante Godoy Cruz porque ten\u00eda cargados los isquiotibiales, y desde ese d\u00eda no volvi\u00f3 a hacer f\u00fatbol.<\/p>\n<p style=\"text-align: justify;\">De esta manera, durante el ensayo de ayer Zielinski paro en cancha a: Juan Carlos Olave; Pier Barrios, Luciano Lollo, Lucas Avelda\u00f1o y Sergio Rodr\u00edguez; Emiliano Rigioni, Guillermo Farr\u00e9 y Jorge Vel\u00e1zquez; Lucas Zelarray\u00e1n; Ezequiel Maggiolo y Carlos Bueno.<\/p>\n<p style=\"text-align: justify;\">As\u00ed, Carlos Bueno toma el lugar de C\u00e9sar Pereyra, quien llego a la quinta amarilla y deber\u00e1 cumplir una fecha de suspensi\u00f3n. Por el lado de San Lorenozo, el equipo de Boedo viene sin Leandro Romagnoli ni Nicol\u00e1s Blandi, quienes acusan golpes en la rodilla y el empeine respectivamente. Ser\u00e1n preservados para el partido de vuelta ante Gremio v\u00e1lido por la Copa Libertadores.<\/p>\n<p style=\"text-align: justify;\">Respecto a las entradas, las mismas podr\u00e1n conseguirse hoy de 10 a 18 y ma\u00f1ana de 10 a 14 en Alberdi. Ma\u00f1ana tambi\u00e9n, pero despu\u00e9s de las 12, se las podr\u00e1 adquirir en la boleter\u00eda sur del Kempes.<\/p>\n","protected":false},"excerpt":{"rendered":"<p>Ricardo Zielinski ultima detalles para recibir ma\u00f1ana a las 15 a San Lorenzo en el Kempes. Bueno y Maggiolo ser\u00edan la dupla ofensiva. El \u201cPirata\u201d ya no puede dejar pasar m\u00e1s oportunidades si quiere seguir so\u00f1ando con la clasificaci\u00f3n a la Copa Sudamericana. Para eso, sabe que le quedan cuatro finales y ma\u00f1ana jugara la [&hellip;]<\/p>\n","protected":false},"author":15,"featured_media":12832,"comment_status":"open","ping_status":"open","sticky":false,"template":"","format":"standard","meta":{"_seopress_robots_primary_cat":"","_seopress_titles_title":"","_seopress_titles_desc":"","_seopress_robots_index":"","footnotes":""},"categories":[2,16],"tags":[37,5570,105,313,550],"class_list":["post-12826","post","type-post","status-publish","format-standard","has-post-thumbnail","hentry","category-futbol","category-primera-division","tag-belgrano","tag-copa-sudamericana","tag-primera-division-2","tag-san-lorenzo","tag-zielinski"],"_links":{"self":[{"href":"https:\/\/www.cordobatimes.com\/deportes\/wp-json\/wp\/v2\/posts\/12826","targetHints":{"allow":["GET"]}}],"collection":[{"href":"https:\/\/www.cordobatimes.com\/deportes\/wp-json\/wp\/v2\/posts"}],"about":[{"href":"https:\/\/www.cordobatimes.com\/deportes\/wp-json\/wp\/v2\/types\/post"}],"author":[{"embeddable":true,"href":"https:\/\/www.cordobatimes.com\/deportes\/wp-json\/wp\/v2\/users\/15"}],"replies":[{"embeddable":true,"href":"https:\/\/www.cordobatimes.com\/deportes\/wp-json\/wp\/v2\/comments?post=12826"}],"version-history":[{"count":0,"href":"https:\/\/www.cordobatimes.com\/deportes\/wp-json\/wp\/v2\/posts\/12826\/revisions"}],"wp:featuredmedia":[{"embeddable":true,"href":"https:\/\/www.cordobatimes.com\/deportes\/wp-json\/wp\/v2\/media\/12832"}],"wp:attachment":[{"href":"https:\/\/www.cordobatimes.com\/deportes\/wp-json\/wp\/v2\/media?parent=12826"}],"wp:term":[{"taxonomy":"category","embeddable":true,"href":"https:\/\/www.cordobatimes.com\/deportes\/wp-json\/wp\/v2\/categories?post=12826"},{"taxonomy":"post_tag","embeddable":true,"href":"https:\/\/www.cordobatimes.com\/deportes\/wp-json\/wp\/v2\/tags?post=12826"}],"curies":[{"name":"wp","href":"https:\/\/api.w.org\/{rel}","templated":true}]}}