{"id":12804,"date":"2014-04-25T09:01:42","date_gmt":"2014-04-25T12:01:42","guid":{"rendered":"http:\/\/www.cordobatimes.com\/deportes\/?p=12804"},"modified":"2014-04-25T12:33:47","modified_gmt":"2014-04-25T15:33:47","slug":"juventus-no-pudo-ante-benfica-video","status":"publish","type":"post","link":"https:\/\/www.cordobatimes.com\/deportes\/futbol\/2014\/04\/25\/juventus-no-pudo-ante-benfica-video\/","title":{"rendered":"Juventus no pudo con Benfica (video)"},"content":{"rendered":"<h3><a href=\"http:\/\/www.cordobatimes.com\/deportes\/wp-content\/uploads\/2014\/04\/102792-large.jpg\"><img loading=\"lazy\" decoding=\"async\" class=\"aligncenter  wp-image-12806\" alt=\"102792-large\" src=\"http:\/\/www.cordobatimes.com\/deportes\/wp-content\/uploads\/2014\/04\/102792-large.jpg\" width=\"670\" height=\"384\" data-id=\"12806\" \/><\/a><\/h3>\n<h3 style=\"text-align: justify;\">El equipo de las \u00c1guilas se llev\u00f3 el partido en Lisboa con un gol de cabeza del argentino Ezequiel Garay y otro del brasile\u00f1o Lima. Para los italianos descont\u00f3 el Apache, Carlos Tevez. La revancha de esta semifinal de Europa League ser\u00e1 en Tur\u00edn. Mir\u00e1 los goles.<\/h3>\n<p>&nbsp;<\/p>\n<p style=\"text-align: justify;\">El gol tempranero del defensor mundialista argentino a los 2 minutos de empezado el cotejo adelant\u00f3 a los portugueses. En el tr\u00e1mite, el partido tuvo chances para los dos, pues ambos generaron peligro en las \u00e1reas rivales, aunque Juventus no jug\u00f3 un buen primer tiempo.<\/p>\n<p style=\"text-align: justify;\">Sin embargo, cuando iban 73\u2019 del complemento, otro argentino, Carlos Tevez, marc\u00f3 para la Vecchia Signora, con un remate a la red despu\u00e9s de una exquisita gambeta para poner el 1 a 1 parcial.<\/p>\n<p style=\"text-align: justify;\">Cuando parec\u00eda que la fiesta era para los muchachos de Italia, el jugador Lima -de gran actualidad- descont\u00f3 para los de Lisboa, cerrando el marcador en 2-1 a favor de los locales.<\/p>\n<p style=\"text-align: justify;\">En la otra llave de semifinales de Europa League, el Sevilla como local derrot\u00f3 2-0 al Valencia de Antonio Pizzi. La vuelta ser\u00e1 en Mestalla el jueves de la semana pr\u00f3xima al igual que el partido entre Juventus y Benfica.<\/p>\n<p style=\"text-align: justify;\"><strong>Mir\u00e1 los goles<\/strong><\/p>\n<p><iframe loading=\"lazy\" src=\"\/\/www.youtube.com\/embed\/Jhh0lVOPXxo\" height=\"315\" width=\"560\" allowfullscreen=\"\" frameborder=\"0\"><\/iframe><\/p>\n<p><iframe loading=\"lazy\" src=\"\/\/www.youtube.com\/embed\/ls-Ya-NGgtM\" height=\"315\" width=\"560\" allowfullscreen=\"\" frameborder=\"0\"><\/iframe><\/p>\n","protected":false},"excerpt":{"rendered":"<p>El equipo de las \u00c1guilas se llev\u00f3 el partido en Lisboa con un gol de cabeza del argentino Ezequiel Garay y otro del brasile\u00f1o Lima. Para los italianos descont\u00f3 el Apache, Carlos Tevez. La revancha de esta semifinal de Europa League ser\u00e1 en Tur\u00edn. Mir\u00e1 los goles. &nbsp; El gol tempranero del defensor mundialista argentino [&hellip;]<\/p>\n","protected":false},"author":17,"featured_media":12806,"comment_status":"open","ping_status":"open","sticky":false,"template":"","format":"standard","meta":{"_seopress_robots_primary_cat":"","_seopress_titles_title":"","_seopress_titles_desc":"","_seopress_robots_index":"","footnotes":""},"categories":[2,18],"tags":[1419,490,192],"class_list":["post-12804","post","type-post","status-publish","format-standard","has-post-thumbnail","hentry","category-futbol","category-futbol-internacional","tag-benfica","tag-europa-league","tag-juventus"],"_links":{"self":[{"href":"https:\/\/www.cordobatimes.com\/deportes\/wp-json\/wp\/v2\/posts\/12804","targetHints":{"allow":["GET"]}}],"collection":[{"href":"https:\/\/www.cordobatimes.com\/deportes\/wp-json\/wp\/v2\/posts"}],"about":[{"href":"https:\/\/www.cordobatimes.com\/deportes\/wp-json\/wp\/v2\/types\/post"}],"author":[{"embeddable":true,"href":"https:\/\/www.cordobatimes.com\/deportes\/wp-json\/wp\/v2\/users\/17"}],"replies":[{"embeddable":true,"href":"https:\/\/www.cordobatimes.com\/deportes\/wp-json\/wp\/v2\/comments?post=12804"}],"version-history":[{"count":0,"href":"https:\/\/www.cordobatimes.com\/deportes\/wp-json\/wp\/v2\/posts\/12804\/revisions"}],"wp:featuredmedia":[{"embeddable":true,"href":"https:\/\/www.cordobatimes.com\/deportes\/wp-json\/wp\/v2\/media\/12806"}],"wp:attachment":[{"href":"https:\/\/www.cordobatimes.com\/deportes\/wp-json\/wp\/v2\/media?parent=12804"}],"wp:term":[{"taxonomy":"category","embeddable":true,"href":"https:\/\/www.cordobatimes.com\/deportes\/wp-json\/wp\/v2\/categories?post=12804"},{"taxonomy":"post_tag","embeddable":true,"href":"https:\/\/www.cordobatimes.com\/deportes\/wp-json\/wp\/v2\/tags?post=12804"}],"curies":[{"name":"wp","href":"https:\/\/api.w.org\/{rel}","templated":true}]}}