{"id":12782,"date":"2014-04-27T14:29:44","date_gmt":"2014-04-27T17:29:44","guid":{"rendered":"http:\/\/www.cordobatimes.com\/deportes\/?p=12782"},"modified":"2014-04-27T15:18:29","modified_gmt":"2014-04-27T18:18:29","slug":"moto-gp-rossi-quiere-volver-a-estar-delante-en-argentina","status":"publish","type":"post","link":"https:\/\/www.cordobatimes.com\/deportes\/automovilismo\/2014\/04\/27\/moto-gp-rossi-quiere-volver-a-estar-delante-en-argentina\/","title":{"rendered":"El espa\u00f1ol Marc M\u00e1rquez conquist\u00f3 el GP de la Argentina"},"content":{"rendered":"<h3><a href=\"http:\/\/www.cordobatimes.com\/deportes\/wp-content\/uploads\/2014\/04\/93MARQUEZGPARGENTINA_DS-_S5D9776-2.jpg\"><img loading=\"lazy\" decoding=\"async\" class=\"aligncenter size-full wp-image-12989\" alt=\"93MARQUEZ,GPARGENTINA_DS-_S5D9776-2\" src=\"http:\/\/www.cordobatimes.com\/deportes\/wp-content\/uploads\/2014\/04\/93MARQUEZGPARGENTINA_DS-_S5D9776-2.jpg\" width=\"972\" height=\"362\" data-id=\"12989\" srcset=\"https:\/\/www.cordobatimes.com\/deportes\/wp-content\/uploads\/2014\/04\/93MARQUEZGPARGENTINA_DS-_S5D9776-2.jpg 972w, https:\/\/www.cordobatimes.com\/deportes\/wp-content\/uploads\/2014\/04\/93MARQUEZGPARGENTINA_DS-_S5D9776-2-300x111.jpg 300w\" sizes=\"auto, (max-width: 972px) 100vw, 972px\" \/><\/a><\/h3>\n<h3><b>El piloto de Honda triunf\u00f3 en R\u00edo Hondo<\/b>\u00a0y afianz\u00f3 su dominio en el inicio del Mundial 2014 en el que<b>\u00a0lleva tres pole positions y tres victorias en la misma cantidad de fechas<\/b>\u00a0disputadas. Pedrosa y Lorenzo completaron el podio.<\/h3>\n<p>&nbsp;<\/p>\n<p style=\"text-align: justify;\">M\u00e1rquez lider\u00f3 un &#8220;uno-dos&#8221; del equipo oficial Honda por delante de su compatriota Dani Pedrosa, mientras que el tambi\u00e9n espa\u00f1ol Jorge Lorenzo (Yamaha) finaliz\u00f3 tercero, despu\u00e9s de haber liberado hasta las nueve vueltas finales.<\/p>\n<div style=\"text-align: justify;\"><\/div>\n<p style=\"text-align: justify;\"><b><span style=\"text-decoration: underline;\">Moto 2: Esteve Rabat gan\u00f3 de punta a punta; Porto fue 23\u00b0<\/span><\/b><\/p>\n<p style=\"text-align: justify;\">El piloto espa\u00f1ol Esteve Rabat (Kalex) se adjudic\u00f3 hoy la carrera que disput\u00f3 el Moto2 en el aut\u00f3dromo de Termas de R\u00edo Hondo, tras largar desde la &#8220;pole position&#8221; y escaparse en la punta rumbo a la victoria, en la competencia previa al Gran Premio de la Rep\u00fablica Argentina de MotoGP.<\/p>\n<p style=\"text-align: justify;\">Rabat se impuso al cabo de 23 vueltas con un tiempo de 40 minutos 6 segundos 114\/1000, por delante del belga Xavier Simeon (Suter), a 2s 094\/1000, y del espa\u00f1ol Luis Salom (Kalex), a 3s 702\/1000, en los tres puestos del podio, con un promedio de velocidad de 165,3 kil\u00f3metros por hora.<\/p>\n<p style=\"text-align: justify;\">El argentino Sebasti\u00e1n Porto (Kalex), quien larg\u00f3 desde la trig\u00e9simo segunda posici\u00f3n entre 34 pilotos, en su regreso a la arena internacional tras ocho a\u00f1os de ausencia, finaliz\u00f3 vig\u00e9simo tercero, despu\u00e9s de haber sido invitado por la organizaci\u00f3n del Gran Premio de Argentina para correr aqu\u00ed.<\/p>\n<p style=\"text-align: justify;\">Rabat clausur\u00f3 desde el comienzo de la prueba la batalla por el primer lugar, al escaparse en la punta y controlar las acciones desde el inicio, para lograr una c\u00f3moda victoria que le permite afianzarse en lo m\u00e1s alto del campeonato, con 70 puntos, por delante del finland\u00e9s Mika Kallio (42) y del espa\u00f1ol Maverick Vi\u00f1ales (38), quien se cay\u00f3 en la curva 1 en la segunda vuelta.<\/p>\n<p style=\"text-align: justify;\">Kallio larg\u00f3 decimocuarto este domingo y finaliz\u00f3 s\u00e9ptimo, aunque sin poder sumarse a la batalla por los puestos del podio, de la que tomaron parte el italiano Simone Corsi (Forward Kalex) hasta que perdi\u00f3 rendimiento sobre el final, Simeon, Salom e incluso el suizo Dominique Aegerter (Suter).<\/p>\n<p style=\"text-align: justify;\">Justamente Aegerter y Corsi finalizaron entre las cinco posiciones de vanguardia, en una prueba disputada bajo un cielo parcialmente nublado aunque con una temperatura c\u00e1lida en el aut\u00f3dromo santiague\u00f1o y m\u00e1s de 50 mil personas en las tribunas siguiendo de cerca la acci\u00f3n del motociclismo mundial.<\/p>\n<p style=\"text-align: justify;\">El franc\u00e9s Johann Zarco (Suter), quien larg\u00f3 desde el segundo puesto, cay\u00f3 hasta la decimoctava posici\u00f3n, cumpliendo una deslucida labor de igual modo que el germano Jonas Folger (Kalex), otro animador de la actividad en pista a lo largo de fin de semana, quien cruz\u00f3 la meta en la decimosexta colocaci\u00f3n.<\/p>\n<p style=\"text-align: justify;\">El rafaelino Porto, con una m\u00e1quina en inferioridad de condiciones con respecto a los pilotos que compiten habitualmente en la categor\u00eda, logr\u00f3 avanzar desde el puesto 32 en el que larg\u00f3 y finalizar vig\u00e9simo tercero, en su regreso fugaz al &#8220;Continental Circus&#8221;: a partir de este lunes, volver\u00e1 a concentrar sus energ\u00eda en la actividad deportiva que est\u00e1 desarrollando en Europa, tambi\u00e9n sobre dos ruedas.<\/p>\n<p style=\"text-align: justify;\"><b><span style=\"text-decoration: underline;\">Moto 3: triunfo de Romano Fenati<\/span><\/b><\/p>\n<div style=\"text-align: justify;\"><\/div>\n<div>El italiano Romano Fenati se qued\u00f3 con la primera competencia de la jornada en el Santiago del Estero. La categor\u00eda menor del Mundial de Motociclismo abri\u00f3 la actividad en el aut\u00f3dromo de Termas de R\u00edo Hondo, con un espect\u00e1culo vibrante que se defini\u00f3 en los metros finales con una maniobra pol\u00e9mica.<\/p>\n<div>\n<p style=\"text-align: justify;\">El italiano Romano Fenati (SKY Racing Team VR46) se impuso en Moto 3, superando en los metros finales a al espa\u00f1ol Alex M\u00e1rquez, hermano de Marc. Mientras que tercero fue el australiano Jack Miller (Red Bull KTM Ajo), quien larg\u00f3 desde la pole.<\/p>\n<p style=\"text-align: justify;\">En una competencia en la que los tres l\u00edderes y el belga Livio Loi mantuvieron una intensa lucha con cambios en el liderazgo durante toda la carrera, el final fue apasionante y poco metros antes de la meta el ganador alcanz\u00f3 la punta.<\/p>\n<p style=\"text-align: justify;\">A la \u00faltima curva lleg\u00f3 primero Miller, Fenati, que marchaba tercero, intent\u00f3 superarlo y las motos se tocaron, el italiano sali\u00f3 favorecido y cruz\u00f3 la bandera a cuadros en la primera colocaci\u00f3n. M\u00e1rquez se mantuvo expectante siempre desde como escolta y consigui\u00f3 el segundo puesto.<\/p>\n<p style=\"text-align: justify;\">M\u00e1s de 60 mil personas se dieron en cita en el aut\u00f3dromo de Termas de R\u00edo Hondo para ver la tercera fecha del campeonato Mundial de Motociclismo. Las tribunas lucieron colmadas desde las primeras horas de la ma\u00f1ana.<\/p>\n<\/div>\n<\/div>\n","protected":false},"excerpt":{"rendered":"<p>El piloto de Honda triunf\u00f3 en R\u00edo Hondo\u00a0y afianz\u00f3 su dominio en el inicio del Mundial 2014 en el que\u00a0lleva tres pole positions y tres victorias en la misma cantidad de fechas\u00a0disputadas. Pedrosa y Lorenzo completaron el podio. &nbsp; M\u00e1rquez lider\u00f3 un &#8220;uno-dos&#8221; del equipo oficial Honda por delante de su compatriota Dani Pedrosa, mientras [&hellip;]<\/p>\n","protected":false},"author":6,"featured_media":12989,"comment_status":"open","ping_status":"open","sticky":false,"template":"","format":"standard","meta":{"_seopress_robots_primary_cat":"","_seopress_titles_title":"","_seopress_titles_desc":"","_seopress_robots_index":"","footnotes":""},"categories":[1],"tags":[213,544,211,2752],"class_list":["post-12782","post","type-post","status-publish","format-standard","has-post-thumbnail","hentry","category-automovilismo","tag-gran-premio-de-moto-gp-argentina","tag-marc-marquez","tag-moto-gp","tag-rio-hondo"],"_links":{"self":[{"href":"https:\/\/www.cordobatimes.com\/deportes\/wp-json\/wp\/v2\/posts\/12782","targetHints":{"allow":["GET"]}}],"collection":[{"href":"https:\/\/www.cordobatimes.com\/deportes\/wp-json\/wp\/v2\/posts"}],"about":[{"href":"https:\/\/www.cordobatimes.com\/deportes\/wp-json\/wp\/v2\/types\/post"}],"author":[{"embeddable":true,"href":"https:\/\/www.cordobatimes.com\/deportes\/wp-json\/wp\/v2\/users\/6"}],"replies":[{"embeddable":true,"href":"https:\/\/www.cordobatimes.com\/deportes\/wp-json\/wp\/v2\/comments?post=12782"}],"version-history":[{"count":0,"href":"https:\/\/www.cordobatimes.com\/deportes\/wp-json\/wp\/v2\/posts\/12782\/revisions"}],"wp:featuredmedia":[{"embeddable":true,"href":"https:\/\/www.cordobatimes.com\/deportes\/wp-json\/wp\/v2\/media\/12989"}],"wp:attachment":[{"href":"https:\/\/www.cordobatimes.com\/deportes\/wp-json\/wp\/v2\/media?parent=12782"}],"wp:term":[{"taxonomy":"category","embeddable":true,"href":"https:\/\/www.cordobatimes.com\/deportes\/wp-json\/wp\/v2\/categories?post=12782"},{"taxonomy":"post_tag","embeddable":true,"href":"https:\/\/www.cordobatimes.com\/deportes\/wp-json\/wp\/v2\/tags?post=12782"}],"curies":[{"name":"wp","href":"https:\/\/api.w.org\/{rel}","templated":true}]}}