{"id":12730,"date":"2014-04-23T19:51:24","date_gmt":"2014-04-23T22:51:24","guid":{"rendered":"http:\/\/www.cordobatimes.com\/deportes\/?p=12730"},"modified":"2014-04-23T19:51:24","modified_gmt":"2014-04-23T22:51:24","slug":"al-final-barcelona-podra-incorporar-jugadores","status":"publish","type":"post","link":"https:\/\/www.cordobatimes.com\/deportes\/futbol\/2014\/04\/23\/al-final-barcelona-podra-incorporar-jugadores\/","title":{"rendered":"Al final, Barcelona podr\u00e1 incorporar jugadores"},"content":{"rendered":"<figure id=\"attachment_12733\" aria-describedby=\"caption-attachment-12733\" style=\"width: 970px\" class=\"wp-caption aligncenter\"><a href=\"http:\/\/www.cordobatimes.com\/deportes\/wp-content\/uploads\/2014\/04\/presidente-barcelona.jpg\"><img loading=\"lazy\" decoding=\"async\" class=\"size-full wp-image-12733\" alt=\"Presidente del F.C. Barcelona\" src=\"http:\/\/www.cordobatimes.com\/deportes\/wp-content\/uploads\/2014\/04\/presidente-barcelona.jpg\" width=\"970\" height=\"545\" data-id=\"12733\" srcset=\"https:\/\/www.cordobatimes.com\/deportes\/wp-content\/uploads\/2014\/04\/presidente-barcelona.jpg 970w, https:\/\/www.cordobatimes.com\/deportes\/wp-content\/uploads\/2014\/04\/presidente-barcelona-300x168.jpg 300w\" sizes=\"auto, (max-width: 970px) 100vw, 970px\" \/><\/a><figcaption id=\"caption-attachment-12733\" class=\"wp-caption-text\">Presidente del F.C. Barcelona<\/figcaption><\/figure>\n<h3 style=\"text-align: justify;\"><strong>Durante los pr\u00f3ximos mercados de pases, el club espa\u00f1ol finalmente podr\u00e1 comprar jugadores luego de que la FIFA suspendiera\u00a0de manera transitoria la sanci\u00f3n que hab\u00eda tomado\u00a0contra la instituci\u00f3n por irregularidades en la contrataci\u00f3n de futbolistas juveniles.<\/strong><\/h3>\n<p>&nbsp;<\/p>\n<p style=\"text-align: justify;\">La FIFA anunci\u00f3 este mi\u00e9rcoles que la Comisi\u00f3n de Apelaci\u00f3n de dicha entidad otorga &#8220;efecto suspensivo&#8221; a la sanci\u00f3n impuesta contra el\u00a0Barcelona\u00a0para que no pudiera concretar transferencias durante dos per\u00edodos.<\/p>\n<p style=\"text-align: justify;\">El Bar\u00e7a present\u00f3 un recurso a la Comisi\u00f3n de Apelaci\u00f3n de la FIFA contra el fallo de la Comisi\u00f3n Disciplinaria y tomaron en consideraci\u00f3n la proximidad de la fecha de inicio de la sanci\u00f3n y la complejidad del caso para\u00a0&#8220;garantizar que el recurso se tramite de la forma correcta y adecuada y que, al mismo tiempo, se respetar\u00e1n todos los derechos del club&#8221;.<\/p>\n<p style=\"text-align: justify;\">El comunicado de la FIFA indica que la Comisi\u00f3n de Apelaci\u00f3n &#8220;no parece estar en posici\u00f3n de tomar una decisi\u00f3n sobre el fondo de la cuesti\u00f3n en tiempo de garantizar que un eventual recurso del club ante el Tribunal de Arbitraje Deportivo&#8221;.<\/p>\n<p style=\"text-align: justify;\">De este modo, la FIFA se protege ante una resoluci\u00f3n del\u00a0Tribunal de Arbitraje Deportivo\u00a0que llegar\u00e1 posterior a la clausura del mercado de fichajes de verano.<\/p>\n<p style=\"text-align: justify;\">La entidad que maneja el f\u00fatbol a nivel mundial, hizo p\u00fablica la suspensi\u00f3n de la sanci\u00f3n antes del encuentro que estaba previsto para el pr\u00f3ximo 6 de mayo entre el presidente del Barcelona,\u00a0Josep Maria Bartomeu\u00a0y\u00a0Joseph Blatter, primer mandatario de FIFA.<\/p>\n","protected":false},"excerpt":{"rendered":"<p>Durante los pr\u00f3ximos mercados de pases, el club espa\u00f1ol finalmente podr\u00e1 comprar jugadores luego de que la FIFA suspendiera\u00a0de manera transitoria la sanci\u00f3n que hab\u00eda tomado\u00a0contra la instituci\u00f3n por irregularidades en la contrataci\u00f3n de futbolistas juveniles. &nbsp; La FIFA anunci\u00f3 este mi\u00e9rcoles que la Comisi\u00f3n de Apelaci\u00f3n de dicha entidad otorga &#8220;efecto suspensivo&#8221; a la [&hellip;]<\/p>\n","protected":false},"author":10,"featured_media":12733,"comment_status":"open","ping_status":"open","sticky":false,"template":"","format":"standard","meta":{"_seopress_robots_primary_cat":"","_seopress_titles_title":"","_seopress_titles_desc":"","_seopress_robots_index":"","footnotes":""},"categories":[2,18],"tags":[67,301,108,498,2704,2705],"class_list":{"0":"post-12730","1":"post","2":"type-post","3":"status-publish","4":"format-standard","5":"has-post-thumbnail","6":"hentry","7":"category-futbol","8":"category-futbol-internacional","9":"tag-barcelona","11":"tag-fifa","12":"tag-futbol-internacional-2","13":"tag-mercado-de-pases","14":"tag-sancion-fifa"},"_links":{"self":[{"href":"https:\/\/www.cordobatimes.com\/deportes\/wp-json\/wp\/v2\/posts\/12730","targetHints":{"allow":["GET"]}}],"collection":[{"href":"https:\/\/www.cordobatimes.com\/deportes\/wp-json\/wp\/v2\/posts"}],"about":[{"href":"https:\/\/www.cordobatimes.com\/deportes\/wp-json\/wp\/v2\/types\/post"}],"author":[{"embeddable":true,"href":"https:\/\/www.cordobatimes.com\/deportes\/wp-json\/wp\/v2\/users\/10"}],"replies":[{"embeddable":true,"href":"https:\/\/www.cordobatimes.com\/deportes\/wp-json\/wp\/v2\/comments?post=12730"}],"version-history":[{"count":0,"href":"https:\/\/www.cordobatimes.com\/deportes\/wp-json\/wp\/v2\/posts\/12730\/revisions"}],"wp:featuredmedia":[{"embeddable":true,"href":"https:\/\/www.cordobatimes.com\/deportes\/wp-json\/wp\/v2\/media\/12733"}],"wp:attachment":[{"href":"https:\/\/www.cordobatimes.com\/deportes\/wp-json\/wp\/v2\/media?parent=12730"}],"wp:term":[{"taxonomy":"category","embeddable":true,"href":"https:\/\/www.cordobatimes.com\/deportes\/wp-json\/wp\/v2\/categories?post=12730"},{"taxonomy":"post_tag","embeddable":true,"href":"https:\/\/www.cordobatimes.com\/deportes\/wp-json\/wp\/v2\/tags?post=12730"}],"curies":[{"name":"wp","href":"https:\/\/api.w.org\/{rel}","templated":true}]}}