{"id":1273,"date":"2013-11-02T12:32:28","date_gmt":"2013-11-02T15:32:28","guid":{"rendered":"http:\/\/www.cordobatimes.com\/deportes\/?p=1273"},"modified":"2013-11-02T12:33:12","modified_gmt":"2013-11-02T15:33:12","slug":"argentina-es-semifinalista-del-mundial-sub-17","status":"publish","type":"post","link":"https:\/\/www.cordobatimes.com\/deportes\/futbol\/2013\/11\/02\/argentina-es-semifinalista-del-mundial-sub-17\/","title":{"rendered":"Argentina es semifinalista del Mundial Sub 17"},"content":{"rendered":"<p><strong><a href=\"http:\/\/www.cordobatimes.com\/deportes\/wp-content\/uploads\/2013\/11\/Argentina.jpg\"><img loading=\"lazy\" decoding=\"async\" class=\"alignnone size-full wp-image-1274\" alt=\"Argentina\" src=\"http:\/\/www.cordobatimes.com\/deportes\/wp-content\/uploads\/2013\/11\/Argentina.jpg\" width=\"652\" height=\"366\" \/><\/a>La selecci\u00f3n dirigida por Humberto Grondona derrot\u00f3 2-1 a Costa de Marfil y se meti\u00f3 entre los cuatro mejores del torneo disputado en Emiratos \u00c1rabes Unidos. Iba\u00f1ez y Moreira anotaron los tantos albicelestes.<\/strong><\/p>\n<p>A los 5` del primer tiempo, Joaqu\u00edn Iba\u00f1ez puso el 1-0, mientras que \u00a0a los 33`, ambos de la primera etapa, Rodrigo Moreira estir\u00f3 la ventaja en el marcador. Ya en el complemento lleg\u00f3 el descuento de los africanos, a trav\u00e9s de un tiro penal convertido por Franck Kessie para ponerle cifras definitivas al encuentro. Con el 2-1 consumado, Argentina se asegur\u00f3 el pase a semifinales, donde enfrentar\u00e1 a M\u00e9xico, que elimin\u00f3 por penales a Brasil.<\/p>\n<p><iframe loading=\"lazy\" src=\"\/\/www.youtube.com\/embed\/JwPs-ER7GDs\" height=\"315\" width=\"560\" allowfullscreen=\"\" frameborder=\"0\"><\/iframe><\/p>\n<p>FOTO: FIFA<\/p>\n","protected":false},"excerpt":{"rendered":"<p>La selecci\u00f3n dirigida por Humberto Grondona derrot\u00f3 2-1 a Costa de Marfil y se meti\u00f3 entre los cuatro mejores del torneo disputado en Emiratos \u00c1rabes Unidos. Iba\u00f1ez y Moreira anotaron los tantos albicelestes. A los 5` del primer tiempo, Joaqu\u00edn Iba\u00f1ez puso el 1-0, mientras que \u00a0a los 33`, ambos de la primera etapa, Rodrigo [&hellip;]<\/p>\n","protected":false},"author":2,"featured_media":1274,"comment_status":"open","ping_status":"open","sticky":false,"template":"","format":"standard","meta":{"_seopress_robots_primary_cat":"","_seopress_titles_title":"","_seopress_titles_desc":"","_seopress_robots_index":"","footnotes":""},"categories":[2],"tags":[26,257,58,133],"class_list":["post-1273","post","type-post","status-publish","format-standard","has-post-thumbnail","hentry","category-futbol","tag-argentina","tag-costa-de-marfil","tag-emiratos-arabes","tag-mundial-sub-17"],"_links":{"self":[{"href":"https:\/\/www.cordobatimes.com\/deportes\/wp-json\/wp\/v2\/posts\/1273","targetHints":{"allow":["GET"]}}],"collection":[{"href":"https:\/\/www.cordobatimes.com\/deportes\/wp-json\/wp\/v2\/posts"}],"about":[{"href":"https:\/\/www.cordobatimes.com\/deportes\/wp-json\/wp\/v2\/types\/post"}],"author":[{"embeddable":true,"href":"https:\/\/www.cordobatimes.com\/deportes\/wp-json\/wp\/v2\/users\/2"}],"replies":[{"embeddable":true,"href":"https:\/\/www.cordobatimes.com\/deportes\/wp-json\/wp\/v2\/comments?post=1273"}],"version-history":[{"count":0,"href":"https:\/\/www.cordobatimes.com\/deportes\/wp-json\/wp\/v2\/posts\/1273\/revisions"}],"wp:featuredmedia":[{"embeddable":true,"href":"https:\/\/www.cordobatimes.com\/deportes\/wp-json\/wp\/v2\/media\/1274"}],"wp:attachment":[{"href":"https:\/\/www.cordobatimes.com\/deportes\/wp-json\/wp\/v2\/media?parent=1273"}],"wp:term":[{"taxonomy":"category","embeddable":true,"href":"https:\/\/www.cordobatimes.com\/deportes\/wp-json\/wp\/v2\/categories?post=1273"},{"taxonomy":"post_tag","embeddable":true,"href":"https:\/\/www.cordobatimes.com\/deportes\/wp-json\/wp\/v2\/tags?post=1273"}],"curies":[{"name":"wp","href":"https:\/\/api.w.org\/{rel}","templated":true}]}}