{"id":12658,"date":"2014-04-23T21:45:38","date_gmt":"2014-04-24T00:45:38","guid":{"rendered":"http:\/\/www.cordobatimes.com\/deportes\/?p=12658"},"modified":"2014-04-23T21:47:15","modified_gmt":"2014-04-24T00:47:15","slug":"velez-visitara-a-nacional-de-paraguay-por-la-ida-de-octavos","status":"publish","type":"post","link":"https:\/\/www.cordobatimes.com\/deportes\/futbol\/2014\/04\/23\/velez-visitara-a-nacional-de-paraguay-por-la-ida-de-octavos\/","title":{"rendered":"V\u00e9lez perdi\u00f3 ante Nacional en Asunci\u00f3n (Video)"},"content":{"rendered":"<h3 style=\"text-align: justify;\"><a href=\"http:\/\/www.cordobatimes.com\/deportes\/wp-content\/uploads\/2014\/04\/nacional-velez.jpg\"><img loading=\"lazy\" decoding=\"async\" class=\"aligncenter size-full wp-image-12747\" alt=\"nacional velez\" src=\"http:\/\/www.cordobatimes.com\/deportes\/wp-content\/uploads\/2014\/04\/nacional-velez.jpg\" width=\"770\" height=\"434\" data-id=\"12747\" srcset=\"https:\/\/www.cordobatimes.com\/deportes\/wp-content\/uploads\/2014\/04\/nacional-velez.jpg 770w, https:\/\/www.cordobatimes.com\/deportes\/wp-content\/uploads\/2014\/04\/nacional-velez-300x169.jpg 300w\" sizes=\"auto, (max-width: 770px) 100vw, 770px\" \/><\/a><\/h3>\n<h3 style=\"text-align: justify;\"><strong>Por el encuentro de ida de los Octavos de Final de la Copa Libertadores, el conjunto de Liniers cay\u00f3 por 1 a 0 tras un gol sobre la hora del paraguayo Juli\u00e1n Ben\u00edtez. Ahora, los del &#8220;Turu&#8221; Flores deber\u00e1n ganar en el Amalfitani si quieren seguir en la competencia.\u00a0<\/strong><\/h3>\n<p>&nbsp;<\/p>\n<p style=\"text-align: justify;\">El Fort\u00edn perdi\u00f3 1 a 0 con Nacional de Paraguay en Asunci\u00f3n por el encuentro correspondiente a la ida de los octavos de final de la Copa Libertadores.<\/p>\n<p style=\"text-align: justify;\">El elenco dirigido por el Turu Flores -que acumula cuatro derrotas consecutivas en el Torneo Local- tuvo reiteradas ocasiones claras para abrir el marcador, pero fall\u00f3 en la definici\u00f3n.<\/p>\n<p style=\"text-align: justify;\">El local lleg\u00f3 tambi\u00e9n tuvo algunas situaciones claras, pero el arquero uruguayo, Sebasti\u00e1n Sosa se mostr\u00f3 muy seguro y fue sin dudas la figura de la cancha.<\/p>\n<p style=\"text-align: justify;\">Sin embargo, cuando parec\u00eda que terminaban 0 a 0, Juli\u00e1n Benitez apareci\u00f3 por atr\u00e1s de todos luego de un centro, y la empuj\u00f3 para poner en ventaja a Nacional y quedarse con el triunfo definitivo.<\/p>\n<p style=\"text-align: justify;\">De este modo, V\u00e9lez deber\u00e1 marcar al menos un gol y quedarse con la victoria cuando dispute la revancha en el Amalfitani si quiere continuar con chances en la Copa Libertadores.<\/p>\n<p style=\"text-align: justify;\"><b><span style=\"text-decoration: underline;\">FORMACIONES<\/span><\/b>:<\/p>\n<p style=\"text-align: justify;\"><b>Nacional<\/b>: Ignacio Don; Ram\u00f3n Coronel, Ra\u00fal Piris, Jos\u00e9 C\u00e1ceres, David Mendoza; Derlis Oru\u00e9, Marcos Riveros, Silvio Torales, Marcos Melgarejo; Juli\u00e1n Ben\u00edtez y Fredy Bareiro.\u00a0<b>DT<\/b>: Gustavo Morinigo.<\/p>\n<p style=\"text-align: justify;\"><b>V\u00e9lez<\/b>: Sebasti\u00e1n Sosa; Fabi\u00e1n Cubero, Sebasti\u00e1n Dom\u00ednguez, Fernando Tobio, Facundo Cardozo; Agust\u00edn Allione, Lucas Romero, Ariel Cabral, H\u00e9ctor Canteros; Jorge Correa y Lucas Pratto.\u00a0<b>DT:<\/b>\u00a0Jos\u00e9 Flores.<\/p>\n<p style=\"text-align: justify;\"><b>Estadio<\/b>: Defensores del Chaco (Asunci\u00f3n).<\/p>\n<p style=\"text-align: justify;\"><b>\u00c1rbitro<\/b>: Heber Lopes (Brasil).<\/p>\n<p style=\"text-align: justify;\"><strong>Mir\u00e1 el gol de Nacional<\/strong><\/p>\n<p><iframe loading=\"lazy\" src=\"\/\/www.youtube.com\/embed\/ex9yTwIBPVw\" height=\"315\" width=\"560\" allowfullscreen=\"\" frameborder=\"0\"><\/iframe><\/p>\n","protected":false},"excerpt":{"rendered":"<p>Por el encuentro de ida de los Octavos de Final de la Copa Libertadores, el conjunto de Liniers cay\u00f3 por 1 a 0 tras un gol sobre la hora del paraguayo Juli\u00e1n Ben\u00edtez. Ahora, los del &#8220;Turu&#8221; Flores deber\u00e1n ganar en el Amalfitani si quieren seguir en la competencia.\u00a0 &nbsp; El Fort\u00edn perdi\u00f3 1 a [&hellip;]<\/p>\n","protected":false},"author":10,"featured_media":12747,"comment_status":"open","ping_status":"open","sticky":false,"template":"","format":"standard","meta":{"_seopress_robots_primary_cat":"","_seopress_titles_title":"","_seopress_titles_desc":"","_seopress_robots_index":"","footnotes":""},"categories":[21,2],"tags":[219,1625,1304,214],"class_list":["post-12658","post","type-post","status-publish","format-standard","has-post-thumbnail","hentry","category-copa-libertadores","category-futbol","tag-copa-libertadores-2","tag-nacional","tag-turu-flores","tag-velez"],"_links":{"self":[{"href":"https:\/\/www.cordobatimes.com\/deportes\/wp-json\/wp\/v2\/posts\/12658","targetHints":{"allow":["GET"]}}],"collection":[{"href":"https:\/\/www.cordobatimes.com\/deportes\/wp-json\/wp\/v2\/posts"}],"about":[{"href":"https:\/\/www.cordobatimes.com\/deportes\/wp-json\/wp\/v2\/types\/post"}],"author":[{"embeddable":true,"href":"https:\/\/www.cordobatimes.com\/deportes\/wp-json\/wp\/v2\/users\/10"}],"replies":[{"embeddable":true,"href":"https:\/\/www.cordobatimes.com\/deportes\/wp-json\/wp\/v2\/comments?post=12658"}],"version-history":[{"count":0,"href":"https:\/\/www.cordobatimes.com\/deportes\/wp-json\/wp\/v2\/posts\/12658\/revisions"}],"wp:featuredmedia":[{"embeddable":true,"href":"https:\/\/www.cordobatimes.com\/deportes\/wp-json\/wp\/v2\/media\/12747"}],"wp:attachment":[{"href":"https:\/\/www.cordobatimes.com\/deportes\/wp-json\/wp\/v2\/media?parent=12658"}],"wp:term":[{"taxonomy":"category","embeddable":true,"href":"https:\/\/www.cordobatimes.com\/deportes\/wp-json\/wp\/v2\/categories?post=12658"},{"taxonomy":"post_tag","embeddable":true,"href":"https:\/\/www.cordobatimes.com\/deportes\/wp-json\/wp\/v2\/tags?post=12658"}],"curies":[{"name":"wp","href":"https:\/\/api.w.org\/{rel}","templated":true}]}}