{"id":12570,"date":"2014-04-21T18:02:59","date_gmt":"2014-04-21T21:02:59","guid":{"rendered":"http:\/\/www.cordobatimes.com\/deportes\/?p=12570"},"modified":"2014-04-21T18:10:12","modified_gmt":"2014-04-21T21:10:12","slug":"denuncian-a-schumacher-por-un-accidente-de-transito","status":"publish","type":"post","link":"https:\/\/www.cordobatimes.com\/deportes\/automovilismo\/2014\/04\/21\/denuncian-a-schumacher-por-un-accidente-de-transito\/","title":{"rendered":"Denuncian a Schumacher por un accidente de tr\u00e1nsito"},"content":{"rendered":"<p style=\"text-align: justify;\"><a href=\"http:\/\/www.cordobatimes.com\/deportes\/wp-content\/uploads\/2014\/04\/SCHUMACHER.jpg\"><img loading=\"lazy\" decoding=\"async\" class=\"alignnone size-full wp-image-12574\" alt=\"SCHUMACHER\" src=\"http:\/\/www.cordobatimes.com\/deportes\/wp-content\/uploads\/2014\/04\/SCHUMACHER.jpg\" width=\"677\" height=\"508\" data-id=\"12574\" srcset=\"https:\/\/www.cordobatimes.com\/deportes\/wp-content\/uploads\/2014\/04\/SCHUMACHER.jpg 677w, https:\/\/www.cordobatimes.com\/deportes\/wp-content\/uploads\/2014\/04\/SCHUMACHER-300x225.jpg 300w\" sizes=\"auto, (max-width: 677px) 100vw, 677px\" \/><\/a><\/p>\n<h3 style=\"text-align: justify;\"><\/h3>\n<h3 style=\"text-align: justify;\">El ex piloto e F\u00f3rmula 1 fue denunciado por causar un accidente de tr\u00e1nsito a un motociclista en la localidad sevillana de Bormujos, cuando conduc\u00eda un coche alquilado.<\/h3>\n<p style=\"text-align: justify;\">Schumacher, presuntamente no habr\u00eda respetado una indicaci\u00f3n de ceda el paso, \u00a0y eso ocasion\u00f3 el accidente ocurrido el pasado 17 de noviembre de 2013 a las 18.50, cuando el alem\u00e1n estaba de visita en Espa\u00f1a, y conduc\u00eda un Audi A4 alquilado.<\/p>\n<p style=\"text-align: justify;\">Al colisionar contra el coche de Schumacher, el motorista Francisco M.A. se cay\u00f3 y sufri\u00f3 una fractura de mu\u00f1eca de la que fue operado y que adem\u00e1s reclama por los da\u00f1os sufridos en su ropa, reloj, lateral de la motocicleta y casco, seg\u00fan la denuncia a la que ha tenido acceso la agencia de noticias<strong> EFE<\/strong>.<\/p>\n<p style=\"text-align: justify;\">El accidente ocurri\u00f3 en la carretera A-8062 en direcci\u00f3n a Gines y, seg\u00fan la Polic\u00eda Local de Bormujos, la causa principal del siniestro fue la infracci\u00f3n de la normativa por parte del conductor del Audi A-4 al no respetar el ceda el paso.<\/p>\n<p style=\"text-align: justify;\">Ahora, el abogado del motorista ha presentado una denuncia para ejercer las acciones penales y civiles dirigida contra el piloto alem\u00e1n, la empresa de alquiler Securitifleet y su compa\u00f1\u00eda aseguradora, ya que los casos de imprudencia leve solo son perseguibles mediante denuncia previa de la persona agraviada, seg\u00fan prev\u00e9 el art\u00edculo 621 del C\u00f3digo Penal.<\/p>\n<p style=\"text-align: justify;\">Este episodio se produjo d\u00edas antes que el ex piloto sufriera el grave accidente en esqu\u00ed que lo dej\u00f3 en estado de coma.<\/p>\n<p>&nbsp;<\/p>\n","protected":false},"excerpt":{"rendered":"<p>El ex piloto e F\u00f3rmula 1 fue denunciado por causar un accidente de tr\u00e1nsito a un motociclista en la localidad sevillana de Bormujos, cuando conduc\u00eda un coche alquilado. Schumacher, presuntamente no habr\u00eda respetado una indicaci\u00f3n de ceda el paso, \u00a0y eso ocasion\u00f3 el accidente ocurrido el pasado 17 de noviembre de 2013 a las 18.50, [&hellip;]<\/p>\n","protected":false},"author":6,"featured_media":12574,"comment_status":"open","ping_status":"open","sticky":false,"template":"","format":"standard","meta":{"_seopress_robots_primary_cat":"","_seopress_titles_title":"","_seopress_titles_desc":"","_seopress_robots_index":"","footnotes":""},"categories":[1,13],"tags":[595,2686,1348,1338],"class_list":["post-12570","post","type-post","status-publish","format-standard","has-post-thumbnail","hentry","category-automovilismo","category-formula-1","tag-accidente","tag-denuncia-a-schumacher","tag-michael-schumacher","tag-schumacher"],"_links":{"self":[{"href":"https:\/\/www.cordobatimes.com\/deportes\/wp-json\/wp\/v2\/posts\/12570","targetHints":{"allow":["GET"]}}],"collection":[{"href":"https:\/\/www.cordobatimes.com\/deportes\/wp-json\/wp\/v2\/posts"}],"about":[{"href":"https:\/\/www.cordobatimes.com\/deportes\/wp-json\/wp\/v2\/types\/post"}],"author":[{"embeddable":true,"href":"https:\/\/www.cordobatimes.com\/deportes\/wp-json\/wp\/v2\/users\/6"}],"replies":[{"embeddable":true,"href":"https:\/\/www.cordobatimes.com\/deportes\/wp-json\/wp\/v2\/comments?post=12570"}],"version-history":[{"count":0,"href":"https:\/\/www.cordobatimes.com\/deportes\/wp-json\/wp\/v2\/posts\/12570\/revisions"}],"wp:featuredmedia":[{"embeddable":true,"href":"https:\/\/www.cordobatimes.com\/deportes\/wp-json\/wp\/v2\/media\/12574"}],"wp:attachment":[{"href":"https:\/\/www.cordobatimes.com\/deportes\/wp-json\/wp\/v2\/media?parent=12570"}],"wp:term":[{"taxonomy":"category","embeddable":true,"href":"https:\/\/www.cordobatimes.com\/deportes\/wp-json\/wp\/v2\/categories?post=12570"},{"taxonomy":"post_tag","embeddable":true,"href":"https:\/\/www.cordobatimes.com\/deportes\/wp-json\/wp\/v2\/tags?post=12570"}],"curies":[{"name":"wp","href":"https:\/\/api.w.org\/{rel}","templated":true}]}}