{"id":12535,"date":"2014-04-20T14:40:21","date_gmt":"2014-04-20T17:40:21","guid":{"rendered":"http:\/\/www.cordobatimes.com\/deportes\/?p=12535"},"modified":"2014-04-21T11:30:16","modified_gmt":"2014-04-21T14:30:16","slug":"tc-firme-como-granadero","status":"publish","type":"post","link":"https:\/\/www.cordobatimes.com\/deportes\/automovilismo\/2014\/04\/20\/tc-firme-como-granadero\/","title":{"rendered":"TC:  Firme como Granadero"},"content":{"rendered":"<h3><a href=\"http:\/\/www.cordobatimes.com\/deportes\/wp-content\/uploads\/2014\/04\/ROSSI.jpg\"><img loading=\"lazy\" decoding=\"async\" class=\"alignnone size-full wp-image-12537\" alt=\"ROSSI\" src=\"http:\/\/www.cordobatimes.com\/deportes\/wp-content\/uploads\/2014\/04\/ROSSI.jpg\" width=\"690\" height=\"370\" data-id=\"12537\" srcset=\"https:\/\/www.cordobatimes.com\/deportes\/wp-content\/uploads\/2014\/04\/ROSSI.jpg 690w, https:\/\/www.cordobatimes.com\/deportes\/wp-content\/uploads\/2014\/04\/ROSSI-300x160.jpg 300w\" sizes=\"auto, (max-width: 690px) 100vw, 690px\" \/><\/a><\/h3>\n<h3>Mat\u00edas Rossi hizo un trabajo m\u00e1s que contundente durante todo el fin de semana para adue\u00f1arse por completo del Gran Premio Banco de La Naci\u00f3n Argentina en La Pampa alcanzando su segundo triunfo de la temporada.<\/h3>\n<p>&nbsp;<br \/>\nQui\u00e9n pod\u00eda con Mat\u00edas Rossi era la pregunta del fin de semana. Nadie fue la respuesta, y es que el \u201cGanadero\u201d se lanz\u00f3 como un \u201cMisil\u201d a la pista pampeana y se adue\u00f1\u00f3 de ella desde la primera salida a pista, supo aprovechar el potencial del Chevrolet, supo capitalizar la excelente condici\u00f3n de pista y supo cu\u00e1l era la clave para alcanzar su segunda victoria en la temporada.<\/p>\n<p>Con estilo propio y buen ritmo junto a una unidad intratable, el piloto de Del Viso domin\u00f3 de punta a punta la quinta final del a\u00f1o, pero no fue una carrera tranquila para Rossi, ya que Facundo Ardusso, quien finaliz\u00f3 segundo, en ning\u00fan momento dej\u00f3 escapar al de Chevrolet llevando a la pita maniobras apretadas y a la par dando espect\u00e1culo, emoci\u00f3n, suspenso y adrenalina, pero por sobre todas las cosas profesionalismo.<\/p>\n<p>\u201cResalt\u00e9 durante todo el fin de semana el estado de la pista, la verdad es que fue excelente y cuando est\u00e1 bien hay que decirlo, hubo tanta lucha producto de que es un circuito en el que se pueden hacer maniobras y tuvimos la suerte de dominar todo el fin de semana, aprovechando el auto en todas las situaciones. Supuse que Ledesma pod\u00eda hacer lo que hizo, arriesgar el todo por el todo y si le sal\u00eda la maniobra iba a ser muy buena, pero tambi\u00e9n pod\u00eda pasar lo que pas\u00f3 que quedase quinto. Yo por suerte pude agarrar la punta, aunque por momentos peligr\u00f3 porque Facu ten\u00eda muy buena velocidad final y adem\u00e1s aprovechaba la succi\u00f3n, hasta la mitad de la carrera fuimos palo y palo, yo fui las 30 vueltas a fondo y creo que en la vuelta 20 mas o menos pude sacar un m\u00ednima diferencia y alcanzar la victoria\u201d, explic\u00f3 el flamante ganador.<\/p>\n<p>\u201cNos falta un poco en el ritmo, pero lo importante es la buena sumatoria de puntos y que vamos por buen camino, le estoy agradecido a todo el equipo. Fui a fondo toda la carrera busc\u00e1ndolo a Mat\u00edas, pero no se dio, falt\u00f3 poco y seguiremos trabajando\u201d, asegur\u00f3 Ardusso.<\/p>\n<p>Fue en esas luchas por la punta en las que el tercero, Sergio Alaux, aprovechaba para acercarse y meterse en la pelea sin poder sacar provecho, pero no solo adelante era la pelea, atr\u00e1s Josito Di Palma buscaba avanzar al tiempo que se defend\u00eda de los ataques de Christian Ledesma, quien ven\u00eda de perder tres lugares en la largada.<\/p>\n<p>\u201cEstoy muy contendo por el segundo podio consecutivo y encima cerca de casa, venimos trabajando muy bien desde hace un par de carreras, creo que podr\u00eda haber sido para cualquiera de los que clasificamos adelante, tenemos un gran auto y creo que en cualquier momento se nos puede dar, nos llevamos puntos importantes y eso es lo que ven\u00edamos a buscar\u201d, finaliz\u00f3 Alaux.<\/p>\n<p>Apretados en el pelot\u00f3n de punta se escapaban de Guillermo Ortelli, el de Salto finaliz\u00f3 sexto tras una gran carrera en la que por momentos atac\u00f3 y se defendi\u00f3 de Juan Marcos Angelini.<br \/>\nEn el octavo lugar, Jonatan Castellano, pudo hacer su propia carrera sin entrar en roces y escap\u00e1ndose de la lucha que hab\u00eda detr\u00e1s suyo por el noveno lugar, puesto que qued\u00f3 en manos de Nicol\u00e1s Trosset luego de hacer un tres por uno a Diego Aventin, Norberto Fontana y Maxi Juan, el de Dodge aprovech\u00f3 la pelea de los de Ford y Torino e hizo su propio negocio dejando atr\u00e1s a Aventin, quien tras recuperar la posici\u00f3n con Fontana, quien le devolvi\u00f3 el puesto luego de un roce, el de Mor\u00f3n, perdi\u00f3 en una excelente lucha con el Torino de Fontana y el Ford de Juan, cayendo al 12\u00ba lugar.<\/p>\n<p>Se pudo vivir un gran fin de semana en La Pampa con m\u00e1s de 50.000 personas quienes disfrutaron del Turismo Carretera que el 16, 17 y 18 de mayo llega a Concepci\u00f3n del Uruguay para estrenar circuito y definir la Copa Entre R\u00edos.<\/p>\n<p>&nbsp;<\/p>\n<h6>\nACTC, Prensa<\/h6>\n","protected":false},"excerpt":{"rendered":"<p>Mat\u00edas Rossi hizo un trabajo m\u00e1s que contundente durante todo el fin de semana para adue\u00f1arse por completo del Gran Premio Banco de La Naci\u00f3n Argentina en La Pampa alcanzando su segundo triunfo de la temporada. &nbsp; Qui\u00e9n pod\u00eda con Mat\u00edas Rossi era la pregunta del fin de semana. Nadie fue la respuesta, y es [&hellip;]<\/p>\n","protected":false},"author":6,"featured_media":12537,"comment_status":"open","ping_status":"open","sticky":false,"template":"","format":"standard","meta":{"_seopress_robots_primary_cat":"","_seopress_titles_title":"","_seopress_titles_desc":"","_seopress_robots_index":"","footnotes":""},"categories":[1,9],"tags":[678,469,2316,967],"class_list":["post-12535","post","type-post","status-publish","format-standard","has-post-thumbnail","hentry","category-automovilismo","category-tc","tag-facundo-ardusso","tag-matias-rossi","tag-sergio-alaux","tag-tc-en-la-pampa"],"_links":{"self":[{"href":"https:\/\/www.cordobatimes.com\/deportes\/wp-json\/wp\/v2\/posts\/12535","targetHints":{"allow":["GET"]}}],"collection":[{"href":"https:\/\/www.cordobatimes.com\/deportes\/wp-json\/wp\/v2\/posts"}],"about":[{"href":"https:\/\/www.cordobatimes.com\/deportes\/wp-json\/wp\/v2\/types\/post"}],"author":[{"embeddable":true,"href":"https:\/\/www.cordobatimes.com\/deportes\/wp-json\/wp\/v2\/users\/6"}],"replies":[{"embeddable":true,"href":"https:\/\/www.cordobatimes.com\/deportes\/wp-json\/wp\/v2\/comments?post=12535"}],"version-history":[{"count":0,"href":"https:\/\/www.cordobatimes.com\/deportes\/wp-json\/wp\/v2\/posts\/12535\/revisions"}],"wp:featuredmedia":[{"embeddable":true,"href":"https:\/\/www.cordobatimes.com\/deportes\/wp-json\/wp\/v2\/media\/12537"}],"wp:attachment":[{"href":"https:\/\/www.cordobatimes.com\/deportes\/wp-json\/wp\/v2\/media?parent=12535"}],"wp:term":[{"taxonomy":"category","embeddable":true,"href":"https:\/\/www.cordobatimes.com\/deportes\/wp-json\/wp\/v2\/categories?post=12535"},{"taxonomy":"post_tag","embeddable":true,"href":"https:\/\/www.cordobatimes.com\/deportes\/wp-json\/wp\/v2\/tags?post=12535"}],"curies":[{"name":"wp","href":"https:\/\/api.w.org\/{rel}","templated":true}]}}