{"id":12433,"date":"2014-04-20T19:46:44","date_gmt":"2014-04-20T22:46:44","guid":{"rendered":"http:\/\/www.cordobatimes.com\/deportes\/?p=12433"},"modified":"2014-04-21T11:45:59","modified_gmt":"2014-04-21T14:45:59","slug":"belgrano-juega-en-santa-fe-contra-el-agrandado-colon","status":"publish","type":"post","link":"https:\/\/www.cordobatimes.com\/deportes\/futbol\/2014\/04\/20\/belgrano-juega-en-santa-fe-contra-el-agrandado-colon\/","title":{"rendered":"Belgrano empat\u00f3 con Col\u00f3n en su visita a Santa Fe"},"content":{"rendered":"<h3><strong><a href=\"http:\/\/www.cordobatimes.com\/deportes\/wp-content\/uploads\/2013\/11\/Belgrano1.jpg\"><img loading=\"lazy\" decoding=\"async\" class=\"size-full wp-image-3147 aligncenter\" alt=\"Belgrano1\" src=\"http:\/\/www.cordobatimes.com\/deportes\/wp-content\/uploads\/2013\/11\/Belgrano1.jpg\" width=\"424\" height=\"318\" data-id=\"3147\" srcset=\"https:\/\/www.cordobatimes.com\/deportes\/wp-content\/uploads\/2013\/11\/Belgrano1.jpg 424w, https:\/\/www.cordobatimes.com\/deportes\/wp-content\/uploads\/2013\/11\/Belgrano1-300x224.jpg 300w, https:\/\/www.cordobatimes.com\/deportes\/wp-content\/uploads\/2013\/11\/Belgrano1-423x318.jpg 423w\" sizes=\"auto, (max-width: 424px) 100vw, 424px\" \/><\/a><\/strong><\/h3>\n<h3 style=\"text-align: justify;\"><strong>El &#8220;Pirata&#8221; y el &#8220;Sabalero&#8221; igualaron si goles en el Cementerio de los Elefantes, en un partido duro y trabado, en el que ninguno de los dos propuso mucho y el resultado termin\u00f3 conformando a ambos.<br \/>\n<\/strong><\/h3>\n<p>&nbsp;<\/p>\n<p style=\"text-align: justify;\">Por la 15\u00aa fecha del Torneo Final, Belgrano fue a Santa Fe en busca de una victoria que le permita posicionarse mejor en el campeonato, pero se encontr\u00f3 con un Col\u00f3n bien parado atr\u00e1s, que sabe bien que su principal lucha es por mantenerse en primera divisi\u00f3n.<\/p>\n<p style=\"text-align: justify;\">El local arranc\u00f3 con un planteo bastante defensivo, en busca de resguardar la valla propia y buscar de contra con la velocidad de sus puntas. El conjunto cordob\u00e9s, un equipo de caracter\u00edsticas similares al &#8220;Sabalero&#8221;, tuvo mayor tiempo la posesi\u00f3n del bal\u00f3n y cont\u00f3 con las mejores oportunidades para marcar, pero no estuvo fino en la definici\u00f3n.<\/p>\n<p style=\"text-align: justify;\">En el segundo cap\u00edtulo al &#8220;Celeste&#8221; le anularon un gol tras una chilena del &#8220;Picante&#8221; Pereyra, que todav\u00eda no se sabe si el \u00e1rbitro consider\u00f3 jugada peligrosa o cobr\u00f3 offside. El encuentro termin\u00f3 con un incidente, luego de que un hincha le arrojara un objeto que impact\u00f3 contra el juez de l\u00ednea, a pocos minutos del final.<\/p>\n<p style=\"text-align: justify;\">Finalmente, el resultado fue un 0 a 0 que termin\u00f3 convini\u00e9ndole a los dos: el &#8220;Pirata&#8221; alcanz\u00f3 la l\u00ednea de los 17 puntos, a 9 de la punta, mientras que los de Osella comparten la primera ubicaci\u00f3n con Estudiantes, cosechando 26 unidades y alej\u00e1ndose de a poco de la zona baja de los promedios.<\/p>\n<p><strong>Formaciones<\/strong><\/p>\n<p style=\"text-align: justify;\"><strong>Col\u00f3n:<\/strong>\u00a0Germ\u00e1n Montoya;\u00a0C\u00e9sar Meli,\u00a0Gerardo Alcoba,\u00a0Germ\u00e1n Conti y\u00a0Mariano B\u00edttolo;\u00a0Gabriel Graciani,\u00a0Ger\u00f3nimo Poblete,\u00a0Ezequiel Videla y\u00a0Jacobo Mansilla;\u00a0Mart\u00edn Luque y\u00a0Lucas Alario.\u00a0DT: Diego Osella.<\/p>\n<p style=\"text-align: justify;\"><strong>Belgrano:<\/strong>\u00a0Juan Carlos Olave;\u00a0Pier Barrios,\u00a0Luciano Lollo,\u00a0Lucas Avelda\u00f1o y\u00a0Sergio Rodr\u00edguez;\u00a0Emiliano Rigoni,\u00a0Guillermo Farr\u00e9,\u00a0Lucas Pittinari y\u00a0Jorge Vel\u00e1zquez;\u00a0Lucas Zelaray\u00e1n;\u00a0C\u00e9sar Pereyra.\u00a0DT: Ricardo Zielinski<\/p>\n","protected":false},"excerpt":{"rendered":"<p>El &#8220;Pirata&#8221; y el &#8220;Sabalero&#8221; igualaron si goles en el Cementerio de los Elefantes, en un partido duro y trabado, en el que ninguno de los dos propuso mucho y el resultado termin\u00f3 conformando a ambos. &nbsp; Por la 15\u00aa fecha del Torneo Final, Belgrano fue a Santa Fe en busca de una victoria que [&hellip;]<\/p>\n","protected":false},"author":5,"featured_media":3147,"comment_status":"open","ping_status":"open","sticky":false,"template":"","format":"standard","meta":{"_seopress_robots_primary_cat":"","_seopress_titles_title":"","_seopress_titles_desc":"","_seopress_robots_index":"","footnotes":""},"categories":[2,16],"tags":[1052,514,2163,1376],"class_list":["post-12433","post","type-post","status-publish","format-standard","has-post-thumbnail","hentry","category-futbol","category-primera-division","tag-belgrano-de-cordoba","tag-colon-de-santa-fe","tag-santa-fe","tag-torneo-final-2014"],"_links":{"self":[{"href":"https:\/\/www.cordobatimes.com\/deportes\/wp-json\/wp\/v2\/posts\/12433","targetHints":{"allow":["GET"]}}],"collection":[{"href":"https:\/\/www.cordobatimes.com\/deportes\/wp-json\/wp\/v2\/posts"}],"about":[{"href":"https:\/\/www.cordobatimes.com\/deportes\/wp-json\/wp\/v2\/types\/post"}],"author":[{"embeddable":true,"href":"https:\/\/www.cordobatimes.com\/deportes\/wp-json\/wp\/v2\/users\/5"}],"replies":[{"embeddable":true,"href":"https:\/\/www.cordobatimes.com\/deportes\/wp-json\/wp\/v2\/comments?post=12433"}],"version-history":[{"count":0,"href":"https:\/\/www.cordobatimes.com\/deportes\/wp-json\/wp\/v2\/posts\/12433\/revisions"}],"wp:featuredmedia":[{"embeddable":true,"href":"https:\/\/www.cordobatimes.com\/deportes\/wp-json\/wp\/v2\/media\/3147"}],"wp:attachment":[{"href":"https:\/\/www.cordobatimes.com\/deportes\/wp-json\/wp\/v2\/media?parent=12433"}],"wp:term":[{"taxonomy":"category","embeddable":true,"href":"https:\/\/www.cordobatimes.com\/deportes\/wp-json\/wp\/v2\/categories?post=12433"},{"taxonomy":"post_tag","embeddable":true,"href":"https:\/\/www.cordobatimes.com\/deportes\/wp-json\/wp\/v2\/tags?post=12433"}],"curies":[{"name":"wp","href":"https:\/\/api.w.org\/{rel}","templated":true}]}}