{"id":12363,"date":"2014-04-19T15:27:36","date_gmt":"2014-04-19T18:27:36","guid":{"rendered":"http:\/\/www.cordobatimes.com\/deportes\/?p=12363"},"modified":"2014-04-19T15:27:36","modified_gmt":"2014-04-19T18:27:36","slug":"martino-tengo-que-venir-aqui-a-dar-la-cara-por-los-resultados","status":"publish","type":"post","link":"https:\/\/www.cordobatimes.com\/deportes\/futbol-internacional\/2014\/04\/19\/martino-tengo-que-venir-aqui-a-dar-la-cara-por-los-resultados\/","title":{"rendered":"Martino: &#8220;Tengo que venir aqu\u00ed a dar la cara por los resultados&#8221;"},"content":{"rendered":"<h3><a href=\"http:\/\/www.cordobatimes.com\/deportes\/wp-content\/uploads\/2014\/04\/gerardo-martino-01.jpg\"><img loading=\"lazy\" decoding=\"async\" class=\"aligncenter  wp-image-11708\" alt=\"gerardo-martino-01\" src=\"http:\/\/www.cordobatimes.com\/deportes\/wp-content\/uploads\/2014\/04\/gerardo-martino-01.jpg\" width=\"912\" height=\"514\" data-id=\"11708\" srcset=\"https:\/\/www.cordobatimes.com\/deportes\/wp-content\/uploads\/2014\/04\/gerardo-martino-01.jpg 1140w, https:\/\/www.cordobatimes.com\/deportes\/wp-content\/uploads\/2014\/04\/gerardo-martino-01-300x168.jpg 300w, https:\/\/www.cordobatimes.com\/deportes\/wp-content\/uploads\/2014\/04\/gerardo-martino-01-1024x576.jpg 1024w\" sizes=\"auto, (max-width: 912px) 100vw, 912px\" \/><\/a>Estas fueron las palabras del Tata durante la conferencia de prensa que brind\u00f3 \u00a0en la previa del partido contra Athletic de Bilbao, y agreg\u00f3: &#8220;No tengo ninguna satisfacci\u00f3n con mi trabajo&#8221;.<\/h3>\n<p>&nbsp;<\/p>\n<p>Fue una fuerte autocr\u00edtica del t\u00e9cnico del Barcelona, donde asegur\u00f3 que \u201cno tiene nada que informar\u201d sobre su futuro despu\u00e9s de la temporada. \u201cCuando los resultados no se dan uno no puede estar satisfecho. M\u00e1s all\u00e1 de la Supercopa, que casi qued\u00f3 en el olvido, el hecho de no tener oportunidades en dos competiciones y casi ninguna en la tercera hace que no pueda rescatar nada positivo&#8221;, dijo el Tata.<\/p>\n<p>&#8220;Perdimos la posibilidad de depender de nosotros mismos. Pero si ellos se equivocan, tendremos un aliciente&#8221;, record\u00f3, cuando faltan 5 fechas para que termine el campeonato de la Liga.<\/p>\n<p>Cuando le preguntaron sobre el astro argentino, dijo: \u201cQue se hable del futuro de Messi, a mi y al noventa y nueve por ciento de la gente de f\u00fatbol en el mundo, nos sorprende. Son comentarios que ni si quiera los tengo en cuenta&#8221;, y finaliz\u00f3 diciendo que: &#8220;Su futuro creo que est\u00e1 en el Barcelona hasta que deje de jugar al f\u00fatbol&#8221;.<\/p>\n","protected":false},"excerpt":{"rendered":"<p>Estas fueron las palabras del Tata durante la conferencia de prensa que brind\u00f3 \u00a0en la previa del partido contra Athletic de Bilbao, y agreg\u00f3: &#8220;No tengo ninguna satisfacci\u00f3n con mi trabajo&#8221;. &nbsp; Fue una fuerte autocr\u00edtica del t\u00e9cnico del Barcelona, donde asegur\u00f3 que \u201cno tiene nada que informar\u201d sobre su futuro despu\u00e9s de la temporada. [&hellip;]<\/p>\n","protected":false},"author":17,"featured_media":11708,"comment_status":"open","ping_status":"open","sticky":false,"template":"","format":"standard","meta":{"_seopress_robots_primary_cat":"","_seopress_titles_title":"","_seopress_titles_desc":"","_seopress_robots_index":"","footnotes":""},"categories":[18],"tags":[887,67,410,88],"class_list":["post-12363","post","type-post","status-publish","format-standard","has-post-thumbnail","hentry","category-futbol-internacional","tag-athletic-de-bilbao","tag-barcelona","tag-martino","tag-messi"],"_links":{"self":[{"href":"https:\/\/www.cordobatimes.com\/deportes\/wp-json\/wp\/v2\/posts\/12363","targetHints":{"allow":["GET"]}}],"collection":[{"href":"https:\/\/www.cordobatimes.com\/deportes\/wp-json\/wp\/v2\/posts"}],"about":[{"href":"https:\/\/www.cordobatimes.com\/deportes\/wp-json\/wp\/v2\/types\/post"}],"author":[{"embeddable":true,"href":"https:\/\/www.cordobatimes.com\/deportes\/wp-json\/wp\/v2\/users\/17"}],"replies":[{"embeddable":true,"href":"https:\/\/www.cordobatimes.com\/deportes\/wp-json\/wp\/v2\/comments?post=12363"}],"version-history":[{"count":0,"href":"https:\/\/www.cordobatimes.com\/deportes\/wp-json\/wp\/v2\/posts\/12363\/revisions"}],"wp:featuredmedia":[{"embeddable":true,"href":"https:\/\/www.cordobatimes.com\/deportes\/wp-json\/wp\/v2\/media\/11708"}],"wp:attachment":[{"href":"https:\/\/www.cordobatimes.com\/deportes\/wp-json\/wp\/v2\/media?parent=12363"}],"wp:term":[{"taxonomy":"category","embeddable":true,"href":"https:\/\/www.cordobatimes.com\/deportes\/wp-json\/wp\/v2\/categories?post=12363"},{"taxonomy":"post_tag","embeddable":true,"href":"https:\/\/www.cordobatimes.com\/deportes\/wp-json\/wp\/v2\/tags?post=12363"}],"curies":[{"name":"wp","href":"https:\/\/api.w.org\/{rel}","templated":true}]}}