{"id":12163,"date":"2014-04-16T12:30:36","date_gmt":"2014-04-16T15:30:36","guid":{"rendered":"http:\/\/www.cordobatimes.com\/deportes\/?p=12163"},"modified":"2014-04-16T12:30:36","modified_gmt":"2014-04-16T15:30:36","slug":"una-ilusion-copera-lanus-recibe-a-santos-laguna","status":"publish","type":"post","link":"https:\/\/www.cordobatimes.com\/deportes\/futbol\/2014\/04\/16\/una-ilusion-copera-lanus-recibe-a-santos-laguna\/","title":{"rendered":"Una ilusion copera: Lan\u00fas recibe a Santos Laguna"},"content":{"rendered":"<p><a href=\"http:\/\/www.cordobatimes.com\/deportes\/wp-content\/uploads\/2014\/04\/0010901294.jpg\"><img loading=\"lazy\" decoding=\"async\" class=\"aligncenter size-full wp-image-12167\" alt=\"0010901294\" src=\"http:\/\/www.cordobatimes.com\/deportes\/wp-content\/uploads\/2014\/04\/0010901294.jpg\" width=\"770\" height=\"433\" data-id=\"12167\" srcset=\"https:\/\/www.cordobatimes.com\/deportes\/wp-content\/uploads\/2014\/04\/0010901294.jpg 770w, https:\/\/www.cordobatimes.com\/deportes\/wp-content\/uploads\/2014\/04\/0010901294-300x168.jpg 300w\" sizes=\"auto, (max-width: 770px) 100vw, 770px\" \/><\/a><\/p>\n<h3>El Granate abrir\u00e1 la serie como local ante el conjunto mexicano, por el duelo de octavos de la Copa Libertadores de Am\u00e9rica. Desde las 19:45, con el arbitraje de Patricio Polic y televisaci\u00f3n de\u00a0Fox Sports.<\/h3>\n<p>&nbsp;<\/p>\n<p>Con muchas bajas considerables (Goltz, Somoza, Izquierdoz y Silva) para el t\u00e9cnico Barros el Schelotto, los del Sur iniciar\u00e1n hoy una dur\u00edsima fase cuando reciban esta tarde a los mexicanos en el estadio Ciudad de Lan\u00fas.<\/p>\n<p>Los orquestados por el \u201cMellizo\u201d, llegan entonados despu\u00e9s de ganarle 4 a 1 a San Lorenzo con varios suplentes y quedando a 2 puntos de la cima del torneo local. \u00a0Este equipo juega hoy por tercera vez esta instancia del torneo internacional y pretender\u00e1 pasar por primera vez a cuartos.<\/p>\n<p>Los \u201cAztecas\u201d, por su parte, vienen tambi\u00e9n en un muy buen momento, ya que el domingo ganaron en M\u00e9xico por el Torneo Local 4-3 contra Atlante y en la Copa solamente perdieron un partido (presentando a sus suplentes), justamente contra otro argentino, Arsenal.<\/p>\n<p>Probables formaciones:<\/p>\n<p>Lan\u00fas: Agust\u00edn Marches\u00edn; Carlos Araujo, Mat\u00edas Mart\u00ednez, Facundo Monteseir\u00edn, Maximiliano Vel\u00e1zquez; Diego Gonz\u00e1lez, Jorge Ortiz, V\u00edctor Ayala; Lautaro Acosta, Ismael Blanco y Marcos Astina.\u00a0DT: Guillermo Barros Schelotto.<\/p>\n<p>Santos Laguna: Oswaldo S\u00e1nchez; Javier Abella, Oswaldo Alan\u00eds, Rafael Figueroa, Omar Mares o Jonathan Lacerda; Sergio Ceballos, Darwin Quintero, Juan Pablo Rodr\u00edguez; Andr\u00e9s Renter\u00eda, Oribe Peralta y Javier Orozco.\u00a0DT: Pedro Caixinha.<br \/>\n\u00c1rbitro: Patricio Polic (Chile)<\/p>\n","protected":false},"excerpt":{"rendered":"<p>El Granate abrir\u00e1 la serie como local ante el conjunto mexicano, por el duelo de octavos de la Copa Libertadores de Am\u00e9rica. Desde las 19:45, con el arbitraje de Patricio Polic y televisaci\u00f3n de\u00a0Fox Sports. &nbsp; Con muchas bajas considerables (Goltz, Somoza, Izquierdoz y Silva) para el t\u00e9cnico Barros el Schelotto, los del Sur iniciar\u00e1n [&hellip;]<\/p>\n","protected":false},"author":17,"featured_media":12167,"comment_status":"open","ping_status":"open","sticky":false,"template":"","format":"standard","meta":{"_seopress_robots_primary_cat":"","_seopress_titles_title":"","_seopress_titles_desc":"","_seopress_robots_index":"","footnotes":""},"categories":[21,2],"tags":[674,73,2617,1224],"class_list":["post-12163","post","type-post","status-publish","format-standard","has-post-thumbnail","hentry","category-copa-libertadores","category-futbol","tag-barros-schelotto","tag-lanus","tag-pedro-caixinha","tag-santos-laguna"],"_links":{"self":[{"href":"https:\/\/www.cordobatimes.com\/deportes\/wp-json\/wp\/v2\/posts\/12163","targetHints":{"allow":["GET"]}}],"collection":[{"href":"https:\/\/www.cordobatimes.com\/deportes\/wp-json\/wp\/v2\/posts"}],"about":[{"href":"https:\/\/www.cordobatimes.com\/deportes\/wp-json\/wp\/v2\/types\/post"}],"author":[{"embeddable":true,"href":"https:\/\/www.cordobatimes.com\/deportes\/wp-json\/wp\/v2\/users\/17"}],"replies":[{"embeddable":true,"href":"https:\/\/www.cordobatimes.com\/deportes\/wp-json\/wp\/v2\/comments?post=12163"}],"version-history":[{"count":0,"href":"https:\/\/www.cordobatimes.com\/deportes\/wp-json\/wp\/v2\/posts\/12163\/revisions"}],"wp:featuredmedia":[{"embeddable":true,"href":"https:\/\/www.cordobatimes.com\/deportes\/wp-json\/wp\/v2\/media\/12167"}],"wp:attachment":[{"href":"https:\/\/www.cordobatimes.com\/deportes\/wp-json\/wp\/v2\/media?parent=12163"}],"wp:term":[{"taxonomy":"category","embeddable":true,"href":"https:\/\/www.cordobatimes.com\/deportes\/wp-json\/wp\/v2\/categories?post=12163"},{"taxonomy":"post_tag","embeddable":true,"href":"https:\/\/www.cordobatimes.com\/deportes\/wp-json\/wp\/v2\/tags?post=12163"}],"curies":[{"name":"wp","href":"https:\/\/api.w.org\/{rel}","templated":true}]}}