{"id":12149,"date":"2014-04-15T21:27:11","date_gmt":"2014-04-16T00:27:11","guid":{"rendered":"http:\/\/www.cordobatimes.com\/deportes\/?p=12149"},"modified":"2014-04-15T21:27:11","modified_gmt":"2014-04-16T00:27:11","slug":"confirmado-palermo-es-el-nuevo-entrenador-de-arsenal","status":"publish","type":"post","link":"https:\/\/www.cordobatimes.com\/deportes\/futbol\/2014\/04\/15\/confirmado-palermo-es-el-nuevo-entrenador-de-arsenal\/","title":{"rendered":"Confirmado: Palermo es el nuevo entrenador de Arsenal"},"content":{"rendered":"<h3 style=\"text-align: justify;\"><a href=\"http:\/\/www.cordobatimes.com\/deportes\/wp-content\/uploads\/2013\/11\/palermo.jpg\"><img loading=\"lazy\" decoding=\"async\" class=\"aligncenter  wp-image-3707\" alt=\"palermo\" src=\"http:\/\/www.cordobatimes.com\/deportes\/wp-content\/uploads\/2013\/11\/palermo.jpg\" width=\"640\" height=\"480\" data-id=\"3707\" srcset=\"https:\/\/www.cordobatimes.com\/deportes\/wp-content\/uploads\/2013\/11\/palermo.jpg 624w, https:\/\/www.cordobatimes.com\/deportes\/wp-content\/uploads\/2013\/11\/palermo-300x225.jpg 300w\" sizes=\"auto, (max-width: 640px) 100vw, 640px\" \/><\/a><\/h3>\n<h3 style=\"text-align: justify;\"><strong>Lo asegur\u00f3 el presidente del club de Sarand\u00ed,\u00a0Julito Grondona en un programa radial. De esta forma,\u00a0el ex t\u00e9cnico de Godoy Cruz se har\u00e1 cargo del equipo que marcha \u00faltimo en el torneo pero que consigui\u00f3 una hist\u00f3rica clasificaci\u00f3n a octavos de la Libertadores.<\/strong><\/h3>\n<p>&nbsp;<\/p>\n<p style=\"text-align: justify;\">&#8220;Arreglamos con Palermo. \u00c9l me dijo que quiere tomar experiencia, que tiene muchas ganas de trabajar y agarrar r\u00e1pido&#8221;, expres\u00f3 Grondona en di\u00e1logo con radio Am\u00e9rica.<\/p>\n<p style=\"text-align: justify;\">La idea de la dirigencia de Arsenal y del propio Palermo es que la asunci\u00f3n se produzca el pr\u00f3ximo viernes, el d\u00eda despu\u00e9s del cotejo ante All Boys, de visitante, por la 14ta. fecha del torneo Final.<\/p>\n<p style=\"text-align: justify;\">El titular de Arsenal de Sarand\u00ed revel\u00f3 que hab\u00eda pactado con Alfaro no divulgar su alejamiento a partir de junio, pero el entrenador lo hizo p\u00fablico la semana pasada.\u00a0&#8220;Alfaro pidi\u00f3 hablar con mi viejo para decirle cu\u00e1les eran los motivos; yo no sab\u00ed\u00ada nada. Yo no tengo la culpa de que haya forzado la situaci\u00f3n para irse. Nos puente\u00f3 porque habl\u00f3 primero con mi viejo antes que conmigo&#8221;, expres\u00f3 Grondona hijo.<\/p>\n<p style=\"text-align: justify;\">&#8220;Todav\u00ed\u00ada no entiendo como un hombre tan inteligente y tan preparado me haya hecho forzar esta salida. Alfaro es el t\u00e9cnico m\u00e1s exitoso de la historia de Arsenal, pero hubo una gota que rebas\u00f3 el vaso&#8221;, manifest\u00f3 el presidente del club de Sarand\u00ed.<\/p>\n<p style=\"text-align: justify;\">Al comando de Arsenal, Alfaro consigui\u00f3 cuatro campeonatos: Copa Sudamericana (2007), Torneo Clausura (2012), Recopa Argentina (2012) y Copa Argentina (2013).<\/p>\n<p style=\"text-align: justify;\">Fuente: T\u00e9lam<\/p>\n","protected":false},"excerpt":{"rendered":"<p>Lo asegur\u00f3 el presidente del club de Sarand\u00ed,\u00a0Julito Grondona en un programa radial. De esta forma,\u00a0el ex t\u00e9cnico de Godoy Cruz se har\u00e1 cargo del equipo que marcha \u00faltimo en el torneo pero que consigui\u00f3 una hist\u00f3rica clasificaci\u00f3n a octavos de la Libertadores. &nbsp; &#8220;Arreglamos con Palermo. \u00c9l me dijo que quiere tomar experiencia, que [&hellip;]<\/p>\n","protected":false},"author":10,"featured_media":3707,"comment_status":"open","ping_status":"open","sticky":false,"template":"","format":"standard","meta":{"_seopress_robots_primary_cat":"","_seopress_titles_title":"","_seopress_titles_desc":"","_seopress_robots_index":"","footnotes":""},"categories":[2,16],"tags":[71,1040,2615,503,948,105,2321],"class_list":["post-12149","post","type-post","status-publish","format-standard","has-post-thumbnail","hentry","category-futbol","category-primera-division","tag-arsenal","tag-dt","tag-julito-grondona","tag-martin-palermo","tag-palermo","tag-primera-division-2","tag-sarandi"],"_links":{"self":[{"href":"https:\/\/www.cordobatimes.com\/deportes\/wp-json\/wp\/v2\/posts\/12149","targetHints":{"allow":["GET"]}}],"collection":[{"href":"https:\/\/www.cordobatimes.com\/deportes\/wp-json\/wp\/v2\/posts"}],"about":[{"href":"https:\/\/www.cordobatimes.com\/deportes\/wp-json\/wp\/v2\/types\/post"}],"author":[{"embeddable":true,"href":"https:\/\/www.cordobatimes.com\/deportes\/wp-json\/wp\/v2\/users\/10"}],"replies":[{"embeddable":true,"href":"https:\/\/www.cordobatimes.com\/deportes\/wp-json\/wp\/v2\/comments?post=12149"}],"version-history":[{"count":0,"href":"https:\/\/www.cordobatimes.com\/deportes\/wp-json\/wp\/v2\/posts\/12149\/revisions"}],"wp:featuredmedia":[{"embeddable":true,"href":"https:\/\/www.cordobatimes.com\/deportes\/wp-json\/wp\/v2\/media\/3707"}],"wp:attachment":[{"href":"https:\/\/www.cordobatimes.com\/deportes\/wp-json\/wp\/v2\/media?parent=12149"}],"wp:term":[{"taxonomy":"category","embeddable":true,"href":"https:\/\/www.cordobatimes.com\/deportes\/wp-json\/wp\/v2\/categories?post=12149"},{"taxonomy":"post_tag","embeddable":true,"href":"https:\/\/www.cordobatimes.com\/deportes\/wp-json\/wp\/v2\/tags?post=12149"}],"curies":[{"name":"wp","href":"https:\/\/api.w.org\/{rel}","templated":true}]}}