{"id":12069,"date":"2014-04-15T13:19:31","date_gmt":"2014-04-15T16:19:31","guid":{"rendered":"http:\/\/www.cordobatimes.com\/deportes\/?p=12069"},"modified":"2014-04-15T13:24:26","modified_gmt":"2014-04-15T16:24:26","slug":"alfaro-no-seguira-siendo-el-tecnico-de-arsenal","status":"publish","type":"post","link":"https:\/\/www.cordobatimes.com\/deportes\/futbol\/2014\/04\/15\/alfaro-no-seguira-siendo-el-tecnico-de-arsenal\/","title":{"rendered":"Alfaro no seguir\u00e1 siendo el t\u00e9cnico de Arsenal"},"content":{"rendered":"<h3><a href=\"http:\/\/www.cordobatimes.com\/deportes\/wp-content\/uploads\/2014\/04\/0010899175.jpg\"><img loading=\"lazy\" decoding=\"async\" class=\"aligncenter size-full wp-image-12070\" alt=\"0010899175\" src=\"http:\/\/www.cordobatimes.com\/deportes\/wp-content\/uploads\/2014\/04\/0010899175.jpg\" width=\"770\" height=\"433\" data-id=\"12070\" srcset=\"https:\/\/www.cordobatimes.com\/deportes\/wp-content\/uploads\/2014\/04\/0010899175.jpg 770w, https:\/\/www.cordobatimes.com\/deportes\/wp-content\/uploads\/2014\/04\/0010899175-300x168.jpg 300w\" sizes=\"auto, (max-width: 770px) 100vw, 770px\" \/><\/a><\/h3>\n<h3>D\u00edas atr\u00e1s, el entrenador hab\u00eda anunciado que su ciclo con el club finalizar\u00eda en junio, pero los dirigentes del Viaducto dispusieron su pronta salida y dieron por concluido el periodo, despu\u00e9s de que este clasificara por primera vez al Viaducto a octavos de final de la Copa Libertadores y se mantuviera en primera divisi\u00f3n.<\/h3>\n<p>&nbsp;<\/p>\n<p>\u201cSu etapa sufri\u00f3 un desgaste\u201d, asegur\u00f3 el presidente de Arsenal, Julio Grondona y agreg\u00f3: \u201cla verdad es que econ\u00f3micamente se nos estaba haciendo muy dif\u00edcil cumplir con el contrato de \u00e9l&#8221;.<\/p>\n<p>A pesar de los resultados conseguidos por quien orquestaba futbol\u00edsticamente al Arse, la c\u00fapula directiva, despu\u00e9s del choque contra Gimnasia, resolvi\u00f3 separar al \u201cLechuga\u201d del cargo.<\/p>\n<p>&#8220;Me ofrecieron m\u00e1s de cien t\u00e9cnicos, pero no arreglamos con nadie&#8221; concluy\u00f3 Grondona en base a la inquietud sobre quien ser\u00e1 el pr\u00f3ximo Director T\u00e9cnico de Arsenal.<\/p>\n<p>Por ahora, Roberto &#8216;Fito&#8217; Gonz\u00e1lez se pondr\u00e1 al frente del equipo en lo inmediato y afrontar\u00e1 el partido ante All Boys el jueves en el estadio Islas Malvinas desde las 15.<\/p>\n","protected":false},"excerpt":{"rendered":"<p>D\u00edas atr\u00e1s, el entrenador hab\u00eda anunciado que su ciclo con el club finalizar\u00eda en junio, pero los dirigentes del Viaducto dispusieron su pronta salida y dieron por concluido el periodo, despu\u00e9s de que este clasificara por primera vez al Viaducto a octavos de final de la Copa Libertadores y se mantuviera en primera divisi\u00f3n. &nbsp; [&hellip;]<\/p>\n","protected":false},"author":17,"featured_media":12070,"comment_status":"open","ping_status":"open","sticky":false,"template":"","format":"standard","meta":{"_seopress_robots_primary_cat":"","_seopress_titles_title":"","_seopress_titles_desc":"","_seopress_robots_index":"","footnotes":""},"categories":[2,16],"tags":[2210,71,59],"class_list":["post-12069","post","type-post","status-publish","format-standard","has-post-thumbnail","hentry","category-futbol","category-primera-division","tag-alfaro","tag-arsenal","tag-grondona"],"_links":{"self":[{"href":"https:\/\/www.cordobatimes.com\/deportes\/wp-json\/wp\/v2\/posts\/12069","targetHints":{"allow":["GET"]}}],"collection":[{"href":"https:\/\/www.cordobatimes.com\/deportes\/wp-json\/wp\/v2\/posts"}],"about":[{"href":"https:\/\/www.cordobatimes.com\/deportes\/wp-json\/wp\/v2\/types\/post"}],"author":[{"embeddable":true,"href":"https:\/\/www.cordobatimes.com\/deportes\/wp-json\/wp\/v2\/users\/17"}],"replies":[{"embeddable":true,"href":"https:\/\/www.cordobatimes.com\/deportes\/wp-json\/wp\/v2\/comments?post=12069"}],"version-history":[{"count":0,"href":"https:\/\/www.cordobatimes.com\/deportes\/wp-json\/wp\/v2\/posts\/12069\/revisions"}],"wp:featuredmedia":[{"embeddable":true,"href":"https:\/\/www.cordobatimes.com\/deportes\/wp-json\/wp\/v2\/media\/12070"}],"wp:attachment":[{"href":"https:\/\/www.cordobatimes.com\/deportes\/wp-json\/wp\/v2\/media?parent=12069"}],"wp:term":[{"taxonomy":"category","embeddable":true,"href":"https:\/\/www.cordobatimes.com\/deportes\/wp-json\/wp\/v2\/categories?post=12069"},{"taxonomy":"post_tag","embeddable":true,"href":"https:\/\/www.cordobatimes.com\/deportes\/wp-json\/wp\/v2\/tags?post=12069"}],"curies":[{"name":"wp","href":"https:\/\/api.w.org\/{rel}","templated":true}]}}