{"id":12066,"date":"2014-04-15T13:20:41","date_gmt":"2014-04-15T16:20:41","guid":{"rendered":"http:\/\/www.cordobatimes.com\/deportes\/?p=12066"},"modified":"2014-04-15T13:24:15","modified_gmt":"2014-04-15T16:24:15","slug":"gago-lesionado-2-meses-de-inactividad","status":"publish","type":"post","link":"https:\/\/www.cordobatimes.com\/deportes\/futbol\/2014\/04\/15\/gago-lesionado-2-meses-de-inactividad\/","title":{"rendered":"Gago lesionado: 2 meses de inactividad"},"content":{"rendered":"<h3><a href=\"http:\/\/www.cordobatimes.com\/deportes\/wp-content\/uploads\/2014\/04\/0010868433.jpg\"><img loading=\"lazy\" decoding=\"async\" class=\"aligncenter size-full wp-image-12067\" alt=\"0010868433\" src=\"http:\/\/www.cordobatimes.com\/deportes\/wp-content\/uploads\/2014\/04\/0010868433.jpg\" width=\"770\" height=\"433\" data-id=\"12067\" srcset=\"https:\/\/www.cordobatimes.com\/deportes\/wp-content\/uploads\/2014\/04\/0010868433.jpg 770w, https:\/\/www.cordobatimes.com\/deportes\/wp-content\/uploads\/2014\/04\/0010868433-300x168.jpg 300w\" sizes=\"auto, (max-width: 770px) 100vw, 770px\" \/><\/a><\/h3>\n<h3>Pintita hab\u00eda sido reemplazado en el partido contra Colon, el domingo, tras un choque con el volante Ezequiel \u00a0Videla, el cual no lo dej\u00f3 continuar . Pero hoy, a primeras horas de la ma\u00f1ana, el cuerpo m\u00e9dico de Boca Juniors confirm\u00f3 lo peor: esguince grado 2 en la rodilla izquierda, con lesi\u00f3n parcial del ligamento colateral medial, para el jugador, indic\u00e1ndose una recuperaci\u00f3n de 60 d\u00edas.<\/h3>\n<p>&nbsp;<\/p>\n<p>Problemas para Bianchi y Sabella: el 5 titular de los Xeneizes y del seleccionado mayor, estar\u00eda parado por 2 meses, lo que significa no solo que se pierde el semestre con su club, sino que tambi\u00e9n quedar\u00eda afuera de la Copa del Mundo, cuando faltan 59 d\u00edas para ella.<\/p>\n<p>En contraposici\u00f3n a las malas noticias que rodean el mundo del mediocampista, desde Casa Amarilla se anunci\u00f3 el regreso del &#8220;10&#8221;, Juan Roman Riquelme, del cual dispondr\u00e1 el t\u00e9cnico para la alineaci\u00f3n que enfrentar\u00e1 a San Lorenzo el mi\u00e9rcoles desde las 20:10.<\/p>\n","protected":false},"excerpt":{"rendered":"<p>Pintita hab\u00eda sido reemplazado en el partido contra Colon, el domingo, tras un choque con el volante Ezequiel \u00a0Videla, el cual no lo dej\u00f3 continuar . Pero hoy, a primeras horas de la ma\u00f1ana, el cuerpo m\u00e9dico de Boca Juniors confirm\u00f3 lo peor: esguince grado 2 en la rodilla izquierda, con lesi\u00f3n parcial del ligamento [&hellip;]<\/p>\n","protected":false},"author":17,"featured_media":12067,"comment_status":"open","ping_status":"open","sticky":false,"template":"","format":"standard","meta":{"_seopress_robots_primary_cat":"","_seopress_titles_title":"","_seopress_titles_desc":"","_seopress_robots_index":"","footnotes":""},"categories":[2,16],"tags":[230,228,29],"class_list":["post-12066","post","type-post","status-publish","format-standard","has-post-thumbnail","hentry","category-futbol","category-primera-division","tag-bianchi","tag-gago","tag-sabella"],"_links":{"self":[{"href":"https:\/\/www.cordobatimes.com\/deportes\/wp-json\/wp\/v2\/posts\/12066","targetHints":{"allow":["GET"]}}],"collection":[{"href":"https:\/\/www.cordobatimes.com\/deportes\/wp-json\/wp\/v2\/posts"}],"about":[{"href":"https:\/\/www.cordobatimes.com\/deportes\/wp-json\/wp\/v2\/types\/post"}],"author":[{"embeddable":true,"href":"https:\/\/www.cordobatimes.com\/deportes\/wp-json\/wp\/v2\/users\/17"}],"replies":[{"embeddable":true,"href":"https:\/\/www.cordobatimes.com\/deportes\/wp-json\/wp\/v2\/comments?post=12066"}],"version-history":[{"count":0,"href":"https:\/\/www.cordobatimes.com\/deportes\/wp-json\/wp\/v2\/posts\/12066\/revisions"}],"wp:featuredmedia":[{"embeddable":true,"href":"https:\/\/www.cordobatimes.com\/deportes\/wp-json\/wp\/v2\/media\/12067"}],"wp:attachment":[{"href":"https:\/\/www.cordobatimes.com\/deportes\/wp-json\/wp\/v2\/media?parent=12066"}],"wp:term":[{"taxonomy":"category","embeddable":true,"href":"https:\/\/www.cordobatimes.com\/deportes\/wp-json\/wp\/v2\/categories?post=12066"},{"taxonomy":"post_tag","embeddable":true,"href":"https:\/\/www.cordobatimes.com\/deportes\/wp-json\/wp\/v2\/tags?post=12066"}],"curies":[{"name":"wp","href":"https:\/\/api.w.org\/{rel}","templated":true}]}}